{"id":56552,"date":"2018-07-08T08:30:46","date_gmt":"2018-07-08T11:30:46","guid":{"rendered":"http:\/\/caririemacao.com\/1\/?p=56552"},"modified":"2018-07-08T09:54:21","modified_gmt":"2018-07-08T12:54:21","slug":"multidao-marca-encerramento-do-sao-pedro-2018-em-caraubas","status":"publish","type":"post","link":"https:\/\/www.caririemacao.com\/1\/2018\/07\/08\/multidao-marca-encerramento-do-sao-pedro-2018-em-caraubas\/","title":{"rendered":"Multid\u00e3o marca encerramento do S\u00e3o Pedro 2018 em Cara\u00fabas"},"content":{"rendered":"<p>A cidade de Cara\u00fabas encerrou na noite deste s\u00e1bado (07) as festividades do Tradicional S\u00e3o Pedro realizado pela Prefeitura Municipal. O S\u00e3o Pedro de Cara\u00fabas reuniu de acordo com a Pol\u00edcia Militar 26 mil pessoas de diversas cidades paraibanas e pernambucanas que festejaram com muito forr\u00f3 o maior S\u00e3o Pedro do Cariri.<\/p>\n<p><img fetchpriority=\"high\" decoding=\"async\" class=\"aligncenter wp-image-56556 size-full\" src=\"http:\/\/caririemacao.com\/1\/wp-content\/uploads\/2018\/07\/IMG_0237-1.jpg\" alt=\"\" width=\"800\" height=\"533\" srcset=\"https:\/\/www.caririemacao.com\/1\/wp-content\/uploads\/2018\/07\/IMG_0237-1.jpg 800w, https:\/\/www.caririemacao.com\/1\/wp-content\/uploads\/2018\/07\/IMG_0237-1-300x200.jpg 300w, https:\/\/www.caririemacao.com\/1\/wp-content\/uploads\/2018\/07\/IMG_0237-1-768x512.jpg 768w\" sizes=\"(max-width: 800px) 100vw, 800px\" \/><\/p>\n<p>Maria Clara, Banda Magn\u00edficos e Gil Camargo animaram a \u00faltima noite das festividades do S\u00e3o Pedro de Cara\u00fabas.<\/p>\n<p><img decoding=\"async\" class=\"aligncenter wp-image-56555 size-full lazyload\" data-src=\"http:\/\/caririemacao.com\/1\/wp-content\/uploads\/2018\/07\/DSC_0111.jpg\" alt=\"\" width=\"800\" height=\"533\" data-srcset=\"https:\/\/www.caririemacao.com\/1\/wp-content\/uploads\/2018\/07\/DSC_0111.jpg 800w, https:\/\/www.caririemacao.com\/1\/wp-content\/uploads\/2018\/07\/DSC_0111-300x200.jpg 300w, https:\/\/www.caririemacao.com\/1\/wp-content\/uploads\/2018\/07\/DSC_0111-768x512.jpg 768w\" data-sizes=\"(max-width: 800px) 100vw, 800px\" src=\"data:image\/svg+xml;base64,PHN2ZyB3aWR0aD0iMSIgaGVpZ2h0PSIxIiB4bWxucz0iaHR0cDovL3d3dy53My5vcmcvMjAwMC9zdmciPjwvc3ZnPg==\" style=\"--smush-placeholder-width: 800px; --smush-placeholder-aspect-ratio: 800\/533;\" \/><\/p>\n<p>Durante os dois dias de evento, estiveram presentes na cidade de Cara\u00fabas, n\u00e3o s\u00f3 um grande p\u00fablico, mas tamb\u00e9m algumas lideran\u00e7as politica, a exemplo dos deputados federais Veneziano Vital do R\u00eago e Efraim Filho e tamb\u00e9m do deputado estadual Adriano Galdino, o vice- prefeito Z\u00e9 de Laura e os vereadores Nero, Tainha da Sa\u00fade, Neide Tom\u00e1z e Renivan Neves, al\u00e9m dos pr\u00e9-candidatos Dr. Romualdo e Napole\u00e3o Maracaj\u00e1.<\/p>\n<p><img decoding=\"async\" class=\"alignnone wp-image-56553 size-full lazyload\" data-src=\"http:\/\/caririemacao.com\/1\/wp-content\/uploads\/2018\/07\/DSC_0097.jpg\" alt=\"\" width=\"800\" height=\"533\" data-srcset=\"https:\/\/www.caririemacao.com\/1\/wp-content\/uploads\/2018\/07\/DSC_0097.jpg 800w, https:\/\/www.caririemacao.com\/1\/wp-content\/uploads\/2018\/07\/DSC_0097-300x200.jpg 300w, https:\/\/www.caririemacao.com\/1\/wp-content\/uploads\/2018\/07\/DSC_0097-768x512.jpg 768w\" data-sizes=\"(max-width: 800px) 100vw, 800px\" src=\"data:image\/svg+xml;base64,PHN2ZyB3aWR0aD0iMSIgaGVpZ2h0PSIxIiB4bWxucz0iaHR0cDovL3d3dy53My5vcmcvMjAwMC9zdmciPjwvc3ZnPg==\" style=\"--smush-placeholder-width: 800px; --smush-placeholder-aspect-ratio: 800\/533;\" \/><\/p>\n<p>Em conversa com a reportagem do Cariri em A\u00e7\u00e3o o prefeito agradeceu a todos que contribu\u00edram para que a festa do S\u00e3o Pedro, que j\u00e1 \u00e9 uma tradi\u00e7\u00e3o no munic\u00edpio, pudesse acontecer com grande sucesso.<\/p>\n<p>\u201cQuero agradecer de forma distinta todos os nossos parceiros que contribu\u00edram de forma positiva para que o nosso evento pudesse acontecer, consagrando assim, mais um ano do Tradicional S\u00e3o Pedro de Cara\u00fabas como uma das maiores festas da regi\u00e3o do Cariri,\u201d disse Silvano.<\/p>\n<h3><a href=\"https:\/\/www.facebook.com\/pg\/CaririEmAcao\/photos\/?tab=album&amp;album_id=1288643211271699\">Veja todas as fotos Clicando Aqui!<\/a><\/h3>\n<p><div class=\"ose- ose-uid-9e7fe16c9cfe1cea4aba22ebf17a3c44 ose-embedpress-responsive\" style=\"width:600px; height:550px; max-height:550px; max-width:100%; display:inline-block;\" data-embed-type=\"Facebook\"><iframe allowFullScreen=\"true\" class=\"embera-facebook-iframe-52ca5 lazyload\" data-src=\"https:\/\/www.facebook.com\/plugins\/post.php?href=https%3A%2F%2Fwww.facebook.com%2Fmedia%2Fset%2F%3Fset%3Da.1288643211271699.1073742848.302749469861083%26%23038%3Btype%3D1%26%23038%3Bl%3Ddd8c91d62d&width=600&height=550&show_text=true\" width=\"600\" height=\"550\" style=\"border:none;overflow:hidden\" scrolling=\"no\" frameborder=\"0\" allowTransparency=\"true\" src=\"data:image\/svg+xml;base64,PHN2ZyB3aWR0aD0iMSIgaGVpZ2h0PSIxIiB4bWxucz0iaHR0cDovL3d3dy53My5vcmcvMjAwMC9zdmciPjwvc3ZnPg==\" data-load-mode=\"1\"><\/iframe><\/div><\/p>\n<p><strong>CARIRI EM A\u00c7\u00c3O<\/strong><\/p>\n<p>Leia mais not\u00edcias em\u00a0<a href=\"http:\/\/www.caririemacao.com\/\">caririemacao.com<\/a>, siga nossa p\u00e1gina no\u00a0<a href=\"https:\/\/www.facebook.com\/CaririEmAcao\/?ref=aymt_homepage_panel\">Facebook<\/a>,\u00a0<a href=\"https:\/\/www.instagram.com\/cariri_em_acao\/?hl=pt-br\">Instagram<\/a>\u00a0e <a href=\"https:\/\/www.youtube.com\/channel\/UCAptA0jQuYQy8vMhLt2m4qg\">Youtube<\/a>\u00a0e veja nossas mat\u00e9rias, v\u00eddeos e fotos. Voc\u00ea tamb\u00e9m pode enviar informa\u00e7\u00f5es \u00e0 Reda\u00e7\u00e3o do Portal Cariri em A\u00e7\u00e3o pelo WhatsApp (83) 9 9634.5791, (83) 9 9601-1162.<\/p>\n","protected":false},"excerpt":{"rendered":"<p>A cidade de Cara\u00fabas encerrou na noite deste s\u00e1bado (07) as festividades do Tradicional S\u00e3o Pedro realizado pela Prefeitura Municipal. O S\u00e3o Pedro de Cara\u00fabas&hellip; <\/p>\n","protected":false},"author":1,"featured_media":56554,"comment_status":"closed","ping_status":"closed","sticky":false,"template":"","format":"standard","meta":{"sfsi_plus_gutenberg_text_before_share":"","sfsi_plus_gutenberg_show_text_before_share":"","sfsi_plus_gutenberg_icon_type":"","sfsi_plus_gutenberg_icon_alignemt":"","sfsi_plus_gutenburg_max_per_row":"","footnotes":""},"categories":[6],"tags":[],"class_list":["post-56552","post","type-post","status-publish","format-standard","has-post-thumbnail","hentry","category-cidades"],"_links":{"self":[{"href":"https:\/\/www.caririemacao.com\/1\/wp-json\/wp\/v2\/posts\/56552","targetHints":{"allow":["GET"]}}],"collection":[{"href":"https:\/\/www.caririemacao.com\/1\/wp-json\/wp\/v2\/posts"}],"about":[{"href":"https:\/\/www.caririemacao.com\/1\/wp-json\/wp\/v2\/types\/post"}],"author":[{"embeddable":true,"href":"https:\/\/www.caririemacao.com\/1\/wp-json\/wp\/v2\/users\/1"}],"replies":[{"embeddable":true,"href":"https:\/\/www.caririemacao.com\/1\/wp-json\/wp\/v2\/comments?post=56552"}],"version-history":[{"count":2,"href":"https:\/\/www.caririemacao.com\/1\/wp-json\/wp\/v2\/posts\/56552\/revisions"}],"predecessor-version":[{"id":56558,"href":"https:\/\/www.caririemacao.com\/1\/wp-json\/wp\/v2\/posts\/56552\/revisions\/56558"}],"wp:featuredmedia":[{"embeddable":true,"href":"https:\/\/www.caririemacao.com\/1\/wp-json\/wp\/v2\/media\/56554"}],"wp:attachment":[{"href":"https:\/\/www.caririemacao.com\/1\/wp-json\/wp\/v2\/media?parent=56552"}],"wp:term":[{"taxonomy":"category","embeddable":true,"href":"https:\/\/www.caririemacao.com\/1\/wp-json\/wp\/v2\/categories?post=56552"},{"taxonomy":"post_tag","embeddable":true,"href":"https:\/\/www.caririemacao.com\/1\/wp-json\/wp\/v2\/tags?post=56552"}],"curies":[{"name":"wp","href":"https:\/\/api.w.org\/{rel}","templated":true}]}}