{"id":56560,"date":"2018-07-08T08:42:59","date_gmt":"2018-07-08T11:42:59","guid":{"rendered":"http:\/\/caririemacao.com\/1\/?p=56560"},"modified":"2018-07-08T08:42:59","modified_gmt":"2018-07-08T11:42:59","slug":"homem-foragido-do-estado-de-sp-e-preso-em-campina-grande","status":"publish","type":"post","link":"https:\/\/www.caririemacao.com\/1\/2018\/07\/08\/homem-foragido-do-estado-de-sp-e-preso-em-campina-grande\/","title":{"rendered":"Homem foragido do estado de SP \u00e9 preso em Campina Grande"},"content":{"rendered":"<p>Policiais da Ronda Ostensiva T\u00e1tica com Apoio de Motocicleta (Rotam)\u00a0\u00a0capturaram dois homens e aprenderam uma arma de fogo, na tarde deste s\u00e1bado (7), em Campina Grande.\u00a0A a\u00e7\u00e3o ocorreu no Bairro do Jardim Am\u00e9rica, quando a equipe policial visualizou alguns indiv\u00edduos em atitude suspeita.<\/p>\n<p>De imediato, foi realizada a abordagem e, ao consultar os nomes no\u00a0Sistema Nacional de Informa\u00e7\u00f5es de Seguran\u00e7a P\u00fablica, foram encontrados dois mandados de pris\u00e3o em aberto.<\/p>\n<p>O primeiro preso, Wesley Ricardo Moura do Nascimento, de 18 anos, estava foragido do estado de S\u00e3o Paulo e respondia pelo crime de roubo, o outro, Edvailson Batista da Silva, de 19 anos, \u00e9 da cidade de Campina Grande e respondia pelo mesmo crime. Ainda durante as buscas, foi encontrada uma arma de fogo calibre 38, com cinco muni\u00e7\u00f5es do mesmo calibre.<\/p>\n<p>Os dois foram conduzidos pelos policiais para a delegacia da cidade, juntamente com o rev\u00f3lver e as muni\u00e7\u00f5es apreendidas.<\/p>\n<p><strong>CARIRI EM A\u00c7\u00c3O<\/strong><\/p>\n<p>Com Wscom\/Foto: Reprodu\u00e7\u00e3o Internet<\/p>\n<p>Leia mais not\u00edcias em\u00a0<a href=\"http:\/\/www.caririemacao.com\/\">caririemacao.com<\/a>, siga nossa p\u00e1gina no\u00a0<a href=\"https:\/\/www.facebook.com\/CaririEmAcao\/?ref=aymt_homepage_panel\">Facebook<\/a>,\u00a0<a href=\"https:\/\/www.instagram.com\/cariri_em_acao\/?hl=pt-br\">Instagram<\/a>\u00a0e\u00a0<a href=\"https:\/\/www.youtube.com\/channel\/UCAptA0jQuYQy8vMhLt2m4qg\">Youtube<\/a>\u00a0e veja nossas mat\u00e9rias, v\u00eddeos e fotos. Voc\u00ea tamb\u00e9m pode enviar informa\u00e7\u00f5es \u00e0 Reda\u00e7\u00e3o do Portal Cariri em A\u00e7\u00e3o pelo WhatsApp (83) 9 9634.5791, (83) 9 9601-1162.<\/p>\n","protected":false},"excerpt":{"rendered":"<p>Policiais da Ronda Ostensiva T\u00e1tica com Apoio de Motocicleta (Rotam)\u00a0\u00a0capturaram dois homens e aprenderam uma arma de fogo, na tarde deste s\u00e1bado (7), em Campina&hellip; <\/p>\n","protected":false},"author":2,"featured_media":39138,"comment_status":"closed","ping_status":"closed","sticky":false,"template":"","format":"standard","meta":{"sfsi_plus_gutenberg_text_before_share":"","sfsi_plus_gutenberg_show_text_before_share":"","sfsi_plus_gutenberg_icon_type":"","sfsi_plus_gutenberg_icon_alignemt":"","sfsi_plus_gutenburg_max_per_row":"","footnotes":""},"categories":[12],"tags":[],"class_list":["post-56560","post","type-post","status-publish","format-standard","has-post-thumbnail","hentry","category-policia"],"_links":{"self":[{"href":"https:\/\/www.caririemacao.com\/1\/wp-json\/wp\/v2\/posts\/56560","targetHints":{"allow":["GET"]}}],"collection":[{"href":"https:\/\/www.caririemacao.com\/1\/wp-json\/wp\/v2\/posts"}],"about":[{"href":"https:\/\/www.caririemacao.com\/1\/wp-json\/wp\/v2\/types\/post"}],"author":[{"embeddable":true,"href":"https:\/\/www.caririemacao.com\/1\/wp-json\/wp\/v2\/users\/2"}],"replies":[{"embeddable":true,"href":"https:\/\/www.caririemacao.com\/1\/wp-json\/wp\/v2\/comments?post=56560"}],"version-history":[{"count":1,"href":"https:\/\/www.caririemacao.com\/1\/wp-json\/wp\/v2\/posts\/56560\/revisions"}],"predecessor-version":[{"id":56562,"href":"https:\/\/www.caririemacao.com\/1\/wp-json\/wp\/v2\/posts\/56560\/revisions\/56562"}],"wp:featuredmedia":[{"embeddable":true,"href":"https:\/\/www.caririemacao.com\/1\/wp-json\/wp\/v2\/media\/39138"}],"wp:attachment":[{"href":"https:\/\/www.caririemacao.com\/1\/wp-json\/wp\/v2\/media?parent=56560"}],"wp:term":[{"taxonomy":"category","embeddable":true,"href":"https:\/\/www.caririemacao.com\/1\/wp-json\/wp\/v2\/categories?post=56560"},{"taxonomy":"post_tag","embeddable":true,"href":"https:\/\/www.caririemacao.com\/1\/wp-json\/wp\/v2\/tags?post=56560"}],"curies":[{"name":"wp","href":"https:\/\/api.w.org\/{rel}","templated":true}]}}