{"id":56563,"date":"2018-07-08T08:45:56","date_gmt":"2018-07-08T11:45:56","guid":{"rendered":"http:\/\/caririemacao.com\/1\/?p=56563"},"modified":"2018-07-08T08:45:56","modified_gmt":"2018-07-08T11:45:56","slug":"lula-aposta-em-marilia-arraes-e-deixa-de-lado-alianca-nacional-com-psb","status":"publish","type":"post","link":"https:\/\/www.caririemacao.com\/1\/2018\/07\/08\/lula-aposta-em-marilia-arraes-e-deixa-de-lado-alianca-nacional-com-psb\/","title":{"rendered":"Lula aposta em Mar\u00edlia Arraes e deixa de lado alian\u00e7a nacional com PSB"},"content":{"rendered":"<p>Ciente de que o PSB hoje pende mais para a candidatura de Ciro Gomes ou a neutralidade na elei\u00e7\u00e3o presidencial, o ex-presidente Lula decidiu apostar todas as fichas na candidatura de Mar\u00edlia Arraes ao governo de Pernambuco, onde ela enfrentar\u00e1 o atual governador Paulo C\u00e2mara.<\/p>\n<p>\u201cA mensagem direta de Lula para que seu partido aposte na candidatura de Mar\u00edlia Arraes ao governo pernambucano n\u00e3o surpreendeu pol\u00edticos que visitaram o petista em Curitiba. H\u00e1 algumas semanas, Lula disse que a neta de Miguel Arraes era \u2018uma b\u00ean\u00e7\u00e3o\u2019 para a sigla.\u00a0Se o PSB fechar mesmo com Ciro Gomes (PDT), como indica que far\u00e1, petistas avisam que a candidatura de Mar\u00edlia n\u00e3o ser\u00e1 apenas mantida, mas ganhar\u00e1 status de prioridade para a sigla\u201d, informa a coluna Painel.<\/p>\n<p>A aposta em Mar\u00edlia Arraes tamb\u00e9m foi refor\u00e7ada pela jornalista M\u00f4nica Bergamo.<\/p>\n<p>\u201cA declara\u00e7\u00e3o de Lula de que, se fosse militante em Pernambuco, j\u00e1 estaria fazendo campanha para a candidata petista Mar\u00edlia Arraes ao governo surpreendeu dirigentes do partido que ainda tentam costurar alian\u00e7a com o PSB.\u00a0A retirada da candidatura dela, principal opositora do governador socialista Paulo C\u00e2mara (PSB-PE), que concorre \u00e0 reelei\u00e7\u00e3o, \u00e9 tida como crucial para que o PSB, em troca, apoie o PT no plano nacional.\u00a0Lula, no entanto, tem manifestado descren\u00e7a em rela\u00e7\u00e3o a uma alian\u00e7a nacional com o PSB, que, na opini\u00e3o dele, estaria apenas \u2018enrolando\u2019 o PT.\u201d<\/p>\n<p>Lula tem raz\u00e3o e, por isso mesmo, dar\u00e1 todo apoio a Mar\u00edlia Arraes.<\/p>\n<p><strong>CARIRI EM A\u00c7\u00c3O<\/strong><\/p>\n<p>Com Wscom\/Foto: Reprodu\u00e7\u00e3o Internet<\/p>\n<p>Leia mais not\u00edcias em\u00a0<a href=\"http:\/\/www.caririemacao.com\/\">caririemacao.com<\/a>, siga nossa p\u00e1gina no\u00a0<a href=\"https:\/\/www.facebook.com\/CaririEmAcao\/?ref=aymt_homepage_panel\">Facebook<\/a>,\u00a0<a href=\"https:\/\/www.instagram.com\/cariri_em_acao\/?hl=pt-br\">Instagram<\/a>\u00a0e\u00a0<a href=\"https:\/\/www.youtube.com\/channel\/UCAptA0jQuYQy8vMhLt2m4qg\">Youtube<\/a>\u00a0e veja nossas mat\u00e9rias, v\u00eddeos e fotos. Voc\u00ea tamb\u00e9m pode enviar informa\u00e7\u00f5es \u00e0 Reda\u00e7\u00e3o do Portal Cariri em A\u00e7\u00e3o pelo WhatsApp (83) 9 9634.5791, (83) 9 9601-1162.<\/p>\n","protected":false},"excerpt":{"rendered":"<p>Ciente de que o PSB hoje pende mais para a candidatura de Ciro Gomes ou a neutralidade na elei\u00e7\u00e3o presidencial, o ex-presidente Lula decidiu apostar&hellip; <\/p>\n","protected":false},"author":2,"featured_media":56564,"comment_status":"closed","ping_status":"closed","sticky":false,"template":"","format":"standard","meta":{"sfsi_plus_gutenberg_text_before_share":"","sfsi_plus_gutenberg_show_text_before_share":"","sfsi_plus_gutenberg_icon_type":"","sfsi_plus_gutenberg_icon_alignemt":"","sfsi_plus_gutenburg_max_per_row":"","footnotes":""},"categories":[11],"tags":[],"class_list":["post-56563","post","type-post","status-publish","format-standard","has-post-thumbnail","hentry","category-politica"],"_links":{"self":[{"href":"https:\/\/www.caririemacao.com\/1\/wp-json\/wp\/v2\/posts\/56563","targetHints":{"allow":["GET"]}}],"collection":[{"href":"https:\/\/www.caririemacao.com\/1\/wp-json\/wp\/v2\/posts"}],"about":[{"href":"https:\/\/www.caririemacao.com\/1\/wp-json\/wp\/v2\/types\/post"}],"author":[{"embeddable":true,"href":"https:\/\/www.caririemacao.com\/1\/wp-json\/wp\/v2\/users\/2"}],"replies":[{"embeddable":true,"href":"https:\/\/www.caririemacao.com\/1\/wp-json\/wp\/v2\/comments?post=56563"}],"version-history":[{"count":1,"href":"https:\/\/www.caririemacao.com\/1\/wp-json\/wp\/v2\/posts\/56563\/revisions"}],"predecessor-version":[{"id":56565,"href":"https:\/\/www.caririemacao.com\/1\/wp-json\/wp\/v2\/posts\/56563\/revisions\/56565"}],"wp:featuredmedia":[{"embeddable":true,"href":"https:\/\/www.caririemacao.com\/1\/wp-json\/wp\/v2\/media\/56564"}],"wp:attachment":[{"href":"https:\/\/www.caririemacao.com\/1\/wp-json\/wp\/v2\/media?parent=56563"}],"wp:term":[{"taxonomy":"category","embeddable":true,"href":"https:\/\/www.caririemacao.com\/1\/wp-json\/wp\/v2\/categories?post=56563"},{"taxonomy":"post_tag","embeddable":true,"href":"https:\/\/www.caririemacao.com\/1\/wp-json\/wp\/v2\/tags?post=56563"}],"curies":[{"name":"wp","href":"https:\/\/api.w.org\/{rel}","templated":true}]}}