{"id":56595,"date":"2018-07-08T09:38:11","date_gmt":"2018-07-08T12:38:11","guid":{"rendered":"http:\/\/caririemacao.com\/1\/?p=56595"},"modified":"2018-07-08T09:38:11","modified_gmt":"2018-07-08T12:38:11","slug":"prefeitura-de-sume-realiza-capacitacao-de-atendimento-pre-hospitalar-avancado-para-condutores-de-veiculos","status":"publish","type":"post","link":"https:\/\/www.caririemacao.com\/1\/2018\/07\/08\/prefeitura-de-sume-realiza-capacitacao-de-atendimento-pre-hospitalar-avancado-para-condutores-de-veiculos\/","title":{"rendered":"Prefeitura de Sum\u00e9 realiza capacita\u00e7\u00e3o de Atendimento Pr\u00e9 Hospitalar Avan\u00e7ado para condutores de ve\u00edculos"},"content":{"rendered":"<p>A Prefeitura de Sum\u00e9 atrav\u00e9s da Secretaria de Sa\u00fade ofereceu aos condutores de ve\u00edculos do Hospital e Maternidade Alice de Almeida,do Samu e motoristas que transportam pacientes de hemodi\u00e1lise, quimioterapia e radioterapia, uma capacita\u00e7\u00e3o de Atendimento Pr\u00e9 Hospitalar Avan\u00e7ado(APH).<\/p>\n<p>O curso teve uma carga horaria de 120 horas, com o objetivo de capacitar os condutorese melhorar os servi\u00e7os ofertados aos usu\u00e1rios do Sistema \u00danico de Sa\u00fade.<\/p>\n<p>Nas aulas, foram realizadas simula\u00e7\u00f5es sobre\u00a0algumas das situa\u00e7\u00f5es mais corriqueiras no atendimento. Para isso, foram utilizados bonecos que se assemelham a\u00a0seres humanos adultos e crian\u00e7as, equipamentos de primeiros socorros iguais aos utilizados nas ocorr\u00eancias, al\u00e9m de r\u00e9plicas de \u00f3rg\u00e3os do corpo humano.<\/p>\n<p>O curso foi ministrado pelo bombeiro e socorrista, S\u00e9rgio Ara\u00fajo, que parabenizou a Secretaria de Sa\u00fade pela iniciativa, visando capacitar e difundir conhecimentos entre os condutores de ve\u00edculos.<\/p>\n<p><strong>CARIRI EM A\u00c7\u00c3O<\/strong><\/p>\n<p>Com\u00a0 Ascom\u00a0Foto:\u00a0Ascom<\/p>\n<p>Leia mais not\u00edcias em\u00a0<a href=\"http:\/\/www.caririemacao.com\/\">caririemacao.com<\/a>, siga nossa p\u00e1gina no\u00a0<a href=\"https:\/\/www.facebook.com\/CaririEmAcao\/?ref=aymt_homepage_panel\">Facebook<\/a>,\u00a0<a href=\"https:\/\/www.instagram.com\/cariri_em_acao\/?hl=pt-br\">Instagram<\/a>\u00a0e\u00a0<a href=\"https:\/\/www.youtube.com\/channel\/UCAptA0jQuYQy8vMhLt2m4qg\">Youtube<\/a>\u00a0e veja nossas mat\u00e9rias, v\u00eddeos e fotos. Voc\u00ea tamb\u00e9m pode enviar informa\u00e7\u00f5es \u00e0 Reda\u00e7\u00e3o do Portal Cariri em A\u00e7\u00e3o pelo WhatsApp (83) 9 9634.5791, (83) 9 9601-1162.<\/p>\n","protected":false},"excerpt":{"rendered":"<p>A Prefeitura de Sum\u00e9 atrav\u00e9s da Secretaria de Sa\u00fade ofereceu aos condutores de ve\u00edculos do Hospital e Maternidade Alice de Almeida,do Samu e motoristas que&hellip; <\/p>\n","protected":false},"author":2,"featured_media":56596,"comment_status":"closed","ping_status":"closed","sticky":false,"template":"","format":"standard","meta":{"sfsi_plus_gutenberg_text_before_share":"","sfsi_plus_gutenberg_show_text_before_share":"","sfsi_plus_gutenberg_icon_type":"","sfsi_plus_gutenberg_icon_alignemt":"","sfsi_plus_gutenburg_max_per_row":"","footnotes":""},"categories":[6],"tags":[],"class_list":["post-56595","post","type-post","status-publish","format-standard","has-post-thumbnail","hentry","category-cidades"],"_links":{"self":[{"href":"https:\/\/www.caririemacao.com\/1\/wp-json\/wp\/v2\/posts\/56595","targetHints":{"allow":["GET"]}}],"collection":[{"href":"https:\/\/www.caririemacao.com\/1\/wp-json\/wp\/v2\/posts"}],"about":[{"href":"https:\/\/www.caririemacao.com\/1\/wp-json\/wp\/v2\/types\/post"}],"author":[{"embeddable":true,"href":"https:\/\/www.caririemacao.com\/1\/wp-json\/wp\/v2\/users\/2"}],"replies":[{"embeddable":true,"href":"https:\/\/www.caririemacao.com\/1\/wp-json\/wp\/v2\/comments?post=56595"}],"version-history":[{"count":1,"href":"https:\/\/www.caririemacao.com\/1\/wp-json\/wp\/v2\/posts\/56595\/revisions"}],"predecessor-version":[{"id":56597,"href":"https:\/\/www.caririemacao.com\/1\/wp-json\/wp\/v2\/posts\/56595\/revisions\/56597"}],"wp:featuredmedia":[{"embeddable":true,"href":"https:\/\/www.caririemacao.com\/1\/wp-json\/wp\/v2\/media\/56596"}],"wp:attachment":[{"href":"https:\/\/www.caririemacao.com\/1\/wp-json\/wp\/v2\/media?parent=56595"}],"wp:term":[{"taxonomy":"category","embeddable":true,"href":"https:\/\/www.caririemacao.com\/1\/wp-json\/wp\/v2\/categories?post=56595"},{"taxonomy":"post_tag","embeddable":true,"href":"https:\/\/www.caririemacao.com\/1\/wp-json\/wp\/v2\/tags?post=56595"}],"curies":[{"name":"wp","href":"https:\/\/api.w.org\/{rel}","templated":true}]}}