{"id":56611,"date":"2018-07-08T09:46:55","date_gmt":"2018-07-08T12:46:55","guid":{"rendered":"http:\/\/caririemacao.com\/1\/?p=56611"},"modified":"2018-07-08T09:46:55","modified_gmt":"2018-07-08T12:46:55","slug":"saude-de-sao-sebastiao-do-umbuzeiro-e-contemplada-com-oximetros","status":"publish","type":"post","link":"https:\/\/www.caririemacao.com\/1\/2018\/07\/08\/saude-de-sao-sebastiao-do-umbuzeiro-e-contemplada-com-oximetros\/","title":{"rendered":"Sa\u00fade de S\u00e3o Sebasti\u00e3o do Umbuzeiro \u00e9 contemplada com ox\u00edmetros"},"content":{"rendered":"<p><img fetchpriority=\"high\" decoding=\"async\" class=\"size-full wp-image-56613 aligncenter\" src=\"http:\/\/caririemacao.com\/1\/wp-content\/uploads\/2018\/07\/Oximetro_sao-sebastiao-do-umbuzeiro.jpg\" alt=\"\" width=\"800\" height=\"445\" srcset=\"https:\/\/www.caririemacao.com\/1\/wp-content\/uploads\/2018\/07\/Oximetro_sao-sebastiao-do-umbuzeiro.jpg 800w, https:\/\/www.caririemacao.com\/1\/wp-content\/uploads\/2018\/07\/Oximetro_sao-sebastiao-do-umbuzeiro-300x167.jpg 300w, https:\/\/www.caririemacao.com\/1\/wp-content\/uploads\/2018\/07\/Oximetro_sao-sebastiao-do-umbuzeiro-768x427.jpg 768w\" sizes=\"(max-width: 800px) 100vw, 800px\" \/><\/p>\n<p>A Sa\u00fade de S\u00e3o Sebasti\u00e3o do Umbuzeiro foi contemplada com\u00a0 um ox\u00edmetros, instrumentos que determinam fotoeletricamente a satura\u00e7\u00e3o de oxig\u00eanio no sangue.<\/p>\n<p>O Ox\u00edmetro de dedo \u00e9 um equipamento m\u00e9dico que mede de modo indireto a quantidade de sangue que est\u00e1 transportando no corpo.<\/p>\n<p>O monitor do aparelho exibe a porcentagem de hemoglobina arterial. Sendo apropriado para o uso enfermeiros, m\u00e9dicos, dentistas e fisioterapeutas para medir a oxigena\u00e7\u00e3o em rela\u00e7\u00e3o ao tempo.<\/p>\n<p>A conquista s\u00f3 foi poss\u00edvel porque o munic\u00edpio de S\u00e3o Sebasti\u00e3o do Umbuzeiro, consegui concluir as Unidades B\u00e1sicas de Sa\u00fade, e deixar em pleno funcionamento comprovado no Sistema de Monitoramento de Obras (SISMOB) entre 2014 e 2016 por todo o pa\u00eds.<\/p>\n<p><img decoding=\"async\" class=\"size-full wp-image-56612 aligncenter lazyload\" data-src=\"http:\/\/caririemacao.com\/1\/wp-content\/uploads\/2018\/07\/Lista-de-Oximetro_sao-sebastiao-do-umbuzeiro.jpg\" alt=\"\" width=\"683\" height=\"960\" data-srcset=\"https:\/\/www.caririemacao.com\/1\/wp-content\/uploads\/2018\/07\/Lista-de-Oximetro_sao-sebastiao-do-umbuzeiro.jpg 683w, https:\/\/www.caririemacao.com\/1\/wp-content\/uploads\/2018\/07\/Lista-de-Oximetro_sao-sebastiao-do-umbuzeiro-213x300.jpg 213w\" data-sizes=\"(max-width: 683px) 100vw, 683px\" src=\"data:image\/svg+xml;base64,PHN2ZyB3aWR0aD0iMSIgaGVpZ2h0PSIxIiB4bWxucz0iaHR0cDovL3d3dy53My5vcmcvMjAwMC9zdmciPjwvc3ZnPg==\" style=\"--smush-placeholder-width: 683px; --smush-placeholder-aspect-ratio: 683\/960;\" \/><\/p>\n<p><strong>CARIRI EM A\u00c7\u00c3O<\/strong><\/p>\n<p>Com Blog do Didi<\/p>\n<p>Leia mais not\u00edcias em\u00a0<a href=\"http:\/\/www.caririemacao.com\/\">caririemacao.com<\/a>, siga nossa p\u00e1gina no\u00a0<a href=\"https:\/\/www.facebook.com\/CaririEmAcao\/?ref=aymt_homepage_panel\">Facebook<\/a>,\u00a0<a href=\"https:\/\/www.instagram.com\/cariri_em_acao\/?hl=pt-br\">Instagram<\/a>\u00a0e\u00a0<a href=\"https:\/\/www.youtube.com\/channel\/UCAptA0jQuYQy8vMhLt2m4qg\">Youtube<\/a>\u00a0e veja nossas mat\u00e9rias, v\u00eddeos e fotos. Voc\u00ea tamb\u00e9m pode enviar informa\u00e7\u00f5es \u00e0 Reda\u00e7\u00e3o do Portal Cariri em A\u00e7\u00e3o pelo WhatsApp (83) 9 9634.5791, (83) 9 9601-1162.<\/p>\n","protected":false},"excerpt":{"rendered":"<p>A Sa\u00fade de S\u00e3o Sebasti\u00e3o do Umbuzeiro foi contemplada com\u00a0 um ox\u00edmetros, instrumentos que determinam fotoeletricamente a satura\u00e7\u00e3o de oxig\u00eanio no sangue. O Ox\u00edmetro de&hellip; <\/p>\n","protected":false},"author":2,"featured_media":25950,"comment_status":"closed","ping_status":"closed","sticky":false,"template":"","format":"standard","meta":{"sfsi_plus_gutenberg_text_before_share":"","sfsi_plus_gutenberg_show_text_before_share":"","sfsi_plus_gutenberg_icon_type":"","sfsi_plus_gutenberg_icon_alignemt":"","sfsi_plus_gutenburg_max_per_row":"","footnotes":""},"categories":[6],"tags":[],"class_list":["post-56611","post","type-post","status-publish","format-standard","has-post-thumbnail","hentry","category-cidades"],"_links":{"self":[{"href":"https:\/\/www.caririemacao.com\/1\/wp-json\/wp\/v2\/posts\/56611","targetHints":{"allow":["GET"]}}],"collection":[{"href":"https:\/\/www.caririemacao.com\/1\/wp-json\/wp\/v2\/posts"}],"about":[{"href":"https:\/\/www.caririemacao.com\/1\/wp-json\/wp\/v2\/types\/post"}],"author":[{"embeddable":true,"href":"https:\/\/www.caririemacao.com\/1\/wp-json\/wp\/v2\/users\/2"}],"replies":[{"embeddable":true,"href":"https:\/\/www.caririemacao.com\/1\/wp-json\/wp\/v2\/comments?post=56611"}],"version-history":[{"count":1,"href":"https:\/\/www.caririemacao.com\/1\/wp-json\/wp\/v2\/posts\/56611\/revisions"}],"predecessor-version":[{"id":56614,"href":"https:\/\/www.caririemacao.com\/1\/wp-json\/wp\/v2\/posts\/56611\/revisions\/56614"}],"wp:featuredmedia":[{"embeddable":true,"href":"https:\/\/www.caririemacao.com\/1\/wp-json\/wp\/v2\/media\/25950"}],"wp:attachment":[{"href":"https:\/\/www.caririemacao.com\/1\/wp-json\/wp\/v2\/media?parent=56611"}],"wp:term":[{"taxonomy":"category","embeddable":true,"href":"https:\/\/www.caririemacao.com\/1\/wp-json\/wp\/v2\/categories?post=56611"},{"taxonomy":"post_tag","embeddable":true,"href":"https:\/\/www.caririemacao.com\/1\/wp-json\/wp\/v2\/tags?post=56611"}],"curies":[{"name":"wp","href":"https:\/\/api.w.org\/{rel}","templated":true}]}}