{"id":56615,"date":"2018-07-08T09:51:04","date_gmt":"2018-07-08T12:51:04","guid":{"rendered":"http:\/\/caririemacao.com\/1\/?p=56615"},"modified":"2018-07-08T09:51:04","modified_gmt":"2018-07-08T12:51:04","slug":"transposicao-canal-ja-sofre-deterioracao-e-populacao-teme-rompimento","status":"publish","type":"post","link":"https:\/\/www.caririemacao.com\/1\/2018\/07\/08\/transposicao-canal-ja-sofre-deterioracao-e-populacao-teme-rompimento\/","title":{"rendered":"Transposi\u00e7\u00e3o: Canal j\u00e1 sofre deteriora\u00e7\u00e3o e popula\u00e7\u00e3o teme rompimento"},"content":{"rendered":"<p>Desde o m\u00eas de mar\u00e7o o bombeamento das \u00e1guas da transposi\u00e7\u00e3o do Rio S\u00e3o Francisco est\u00e3o paralisadas na Para\u00edba. A determina\u00e7\u00e3o foi do Minist\u00e9rio P\u00fablico, para que as obras nas barragens de Po\u00e7\u00f5es, em Monteiro, e Camala\u00fa, na cidade de mesmo nome, sejam finalizadas.<\/p>\n<p>Por\u00e9m, a falta de \u00e1gua nos canais est\u00e1 causando transtornos pois agricultores da regi\u00e3o, que deveriam ser beneficiados, dizem que o l\u00edquido n\u00e3o chega na regi\u00e3o e que o canal da transposi\u00e7\u00e3o est\u00e1 se deteriorando.<\/p>\n<p>Pelo menos 64 moradores da Vila Produtiva Lafaiete, criada como forma de indeniza\u00e7\u00e3o dos agricultores que tinham terras onde o canal da transposi\u00e7\u00e3o passa, ainda n\u00e3o conseguiram produzir nada com as \u00e1guas da transposi\u00e7\u00e3o. Muitos deles est\u00e3o abandonando a zona rural para ir morar nas cidades por causa do desabastecimento.<\/p>\n<p>A \u00e1gua que abastece a vila \u00e9 trazida em carros-pipa pela empresa executora da obra. Segundo os moradores, as caixas de \u00e1gua das casas s\u00e3o abastecidas com \u00e1gua de m\u00e1 qualidade e pouca quantidade.<\/p>\n<p>O eixo leste do canal da transposi\u00e7\u00e3o j\u00e1 passa por reparos na parede do canal, que recebe concretagem depois que placas de cimento cederem e se soltarem. O emboque do t\u00fanel Monteiro apresenta problemas na estrutura que est\u00e1 cedendo, mesmo sem \u00e1gua passando no local, h\u00e1 4 meses.<\/p>\n<p>O medo dos moradores \u00e9 de um poss\u00edvel rompimento do canal.<\/p>\n<p><strong>CARIRI EM A\u00c7\u00c3O<\/strong><\/p>\n<p>Vitrine do Cariri com\u00a0R\u00e1dio Campina FM Foto:\u00a0Vitrine do Cariri<\/p>\n<p>Leia mais not\u00edcias em\u00a0<a href=\"http:\/\/www.caririemacao.com\/\">caririemacao.com<\/a>, siga nossa p\u00e1gina no\u00a0<a href=\"https:\/\/www.facebook.com\/CaririEmAcao\/?ref=aymt_homepage_panel\">Facebook<\/a>,\u00a0<a href=\"https:\/\/www.instagram.com\/cariri_em_acao\/?hl=pt-br\">Instagram<\/a>\u00a0e\u00a0<a href=\"https:\/\/www.youtube.com\/channel\/UCAptA0jQuYQy8vMhLt2m4qg\">Youtube<\/a>\u00a0e veja nossas mat\u00e9rias, v\u00eddeos e fotos. Voc\u00ea tamb\u00e9m pode enviar informa\u00e7\u00f5es \u00e0 Reda\u00e7\u00e3o do Portal Cariri em A\u00e7\u00e3o pelo WhatsApp (83) 9 9634.5791, (83) 9 9601-1162.<\/p>\n","protected":false},"excerpt":{"rendered":"<p>Desde o m\u00eas de mar\u00e7o o bombeamento das \u00e1guas da transposi\u00e7\u00e3o do Rio S\u00e3o Francisco est\u00e3o paralisadas na Para\u00edba. A determina\u00e7\u00e3o foi do Minist\u00e9rio P\u00fablico,&hellip; <\/p>\n","protected":false},"author":2,"featured_media":56616,"comment_status":"closed","ping_status":"closed","sticky":false,"template":"","format":"standard","meta":{"sfsi_plus_gutenberg_text_before_share":"","sfsi_plus_gutenberg_show_text_before_share":"","sfsi_plus_gutenberg_icon_type":"","sfsi_plus_gutenberg_icon_alignemt":"","sfsi_plus_gutenburg_max_per_row":"","footnotes":""},"categories":[2],"tags":[],"class_list":["post-56615","post","type-post","status-publish","format-standard","has-post-thumbnail","hentry","category-geral"],"_links":{"self":[{"href":"https:\/\/www.caririemacao.com\/1\/wp-json\/wp\/v2\/posts\/56615","targetHints":{"allow":["GET"]}}],"collection":[{"href":"https:\/\/www.caririemacao.com\/1\/wp-json\/wp\/v2\/posts"}],"about":[{"href":"https:\/\/www.caririemacao.com\/1\/wp-json\/wp\/v2\/types\/post"}],"author":[{"embeddable":true,"href":"https:\/\/www.caririemacao.com\/1\/wp-json\/wp\/v2\/users\/2"}],"replies":[{"embeddable":true,"href":"https:\/\/www.caririemacao.com\/1\/wp-json\/wp\/v2\/comments?post=56615"}],"version-history":[{"count":1,"href":"https:\/\/www.caririemacao.com\/1\/wp-json\/wp\/v2\/posts\/56615\/revisions"}],"predecessor-version":[{"id":56617,"href":"https:\/\/www.caririemacao.com\/1\/wp-json\/wp\/v2\/posts\/56615\/revisions\/56617"}],"wp:featuredmedia":[{"embeddable":true,"href":"https:\/\/www.caririemacao.com\/1\/wp-json\/wp\/v2\/media\/56616"}],"wp:attachment":[{"href":"https:\/\/www.caririemacao.com\/1\/wp-json\/wp\/v2\/media?parent=56615"}],"wp:term":[{"taxonomy":"category","embeddable":true,"href":"https:\/\/www.caririemacao.com\/1\/wp-json\/wp\/v2\/categories?post=56615"},{"taxonomy":"post_tag","embeddable":true,"href":"https:\/\/www.caririemacao.com\/1\/wp-json\/wp\/v2\/tags?post=56615"}],"curies":[{"name":"wp","href":"https:\/\/api.w.org\/{rel}","templated":true}]}}