{"id":56628,"date":"2018-07-08T22:23:52","date_gmt":"2018-07-09T01:23:52","guid":{"rendered":"http:\/\/caririemacao.com\/1\/?p=56628"},"modified":"2018-07-08T22:23:52","modified_gmt":"2018-07-09T01:23:52","slug":"desembargador-federal-do-trf-4-manda-soltar-lula-com-urgencia","status":"publish","type":"post","link":"https:\/\/www.caririemacao.com\/1\/2018\/07\/08\/desembargador-federal-do-trf-4-manda-soltar-lula-com-urgencia\/","title":{"rendered":"Desembargador federal do TRF-4 manda soltar Lula com urg\u00eancia"},"content":{"rendered":"<p>O desembargador Rog\u00e9rio Favreto, do Tribunal Regional Federal da 4\u00aa Regi\u00e3o, concedeu habeas corpus ao ex-presidente Luiz In\u00e1cio Lula da Silva para suspender a execu\u00e7\u00e3o de sua pena de 12 anos e um m\u00eas no caso triplex. O TRF-4 ainda n\u00e3o tem previs\u00e3o de cumprimento da decis\u00e3o.\u00a0O juiz federal S\u00e9rgio Moro, contudo, contraria a decis\u00e3o.<\/p>\n<p>&#8220;Cumpra-se em regime de URG\u00caNCIA nesta data mediante apresenta\u00e7\u00e3o do Alvar\u00e1 de Soltura ou desta ordem a qualquer autoridade policial presente na sede da carceragem da Superintend\u00eancia da Policia Federal em Curitiba, onde se encontra recluso o paciente\u201d, anotou.<\/p>\n<p>A decis\u00e3o\u00a0suspende\u00a0a execu\u00e7\u00e3o provis\u00f3ria da pena at\u00e9 que a condena\u00e7\u00e3o em segundo grau transite em julgado.<\/p>\n<p>Lula estava preso\u00a0desde 7 de abril,\u00a0quando se entregou\u00a0\u00e0 Pol\u00edcia Federal para cumprir pena de 12 anos e 1 m\u00eas de reclus\u00e3o. Ele se tornou o primeiro ex-presidente na hist\u00f3ria da Rep\u00fablica a ser preso por um crime comum.<\/p>\n<p>Favreto, que decidiu soltar o petista, trabalhou na Subchefia para Assuntos Jur\u00eddicos da\u00a0Casa Civil em 2005, durante a gest\u00e3o petista.<\/p>\n<p><strong>CARIRI EM A\u00c7\u00c3O<\/strong><\/p>\n<p>Com Estad\u00e3o\/Foto:<\/p>\n<p>Leia mais not\u00edcias em\u00a0<a href=\"http:\/\/www.caririemacao.com\/\">caririemacao.com<\/a>, siga nossa p\u00e1gina no\u00a0<a href=\"https:\/\/www.facebook.com\/CaririEmAcao\/?ref=aymt_homepage_panel\">Facebook<\/a>,\u00a0<a href=\"https:\/\/www.instagram.com\/cariri_em_acao\/?hl=pt-br\">Instagram<\/a>\u00a0e\u00a0<a href=\"https:\/\/www.youtube.com\/channel\/UCAptA0jQuYQy8vMhLt2m4qg\">Youtube<\/a>\u00a0e veja nossas mat\u00e9rias, v\u00eddeos e fotos. Voc\u00ea tamb\u00e9m pode enviar informa\u00e7\u00f5es \u00e0 Reda\u00e7\u00e3o do Portal Cariri em A\u00e7\u00e3o pelo WhatsApp (83) 9 9634.5791, (83) 9 9601-1162.<\/p>\n","protected":false},"excerpt":{"rendered":"<p>O desembargador Rog\u00e9rio Favreto, do Tribunal Regional Federal da 4\u00aa Regi\u00e3o, concedeu habeas corpus ao ex-presidente Luiz In\u00e1cio Lula da Silva para suspender a execu\u00e7\u00e3o&hellip; <\/p>\n","protected":false},"author":2,"featured_media":54820,"comment_status":"closed","ping_status":"closed","sticky":false,"template":"","format":"standard","meta":{"sfsi_plus_gutenberg_text_before_share":"","sfsi_plus_gutenberg_show_text_before_share":"","sfsi_plus_gutenberg_icon_type":"","sfsi_plus_gutenberg_icon_alignemt":"","sfsi_plus_gutenburg_max_per_row":"","footnotes":""},"categories":[11],"tags":[],"class_list":["post-56628","post","type-post","status-publish","format-standard","has-post-thumbnail","hentry","category-politica"],"_links":{"self":[{"href":"https:\/\/www.caririemacao.com\/1\/wp-json\/wp\/v2\/posts\/56628","targetHints":{"allow":["GET"]}}],"collection":[{"href":"https:\/\/www.caririemacao.com\/1\/wp-json\/wp\/v2\/posts"}],"about":[{"href":"https:\/\/www.caririemacao.com\/1\/wp-json\/wp\/v2\/types\/post"}],"author":[{"embeddable":true,"href":"https:\/\/www.caririemacao.com\/1\/wp-json\/wp\/v2\/users\/2"}],"replies":[{"embeddable":true,"href":"https:\/\/www.caririemacao.com\/1\/wp-json\/wp\/v2\/comments?post=56628"}],"version-history":[{"count":1,"href":"https:\/\/www.caririemacao.com\/1\/wp-json\/wp\/v2\/posts\/56628\/revisions"}],"predecessor-version":[{"id":56629,"href":"https:\/\/www.caririemacao.com\/1\/wp-json\/wp\/v2\/posts\/56628\/revisions\/56629"}],"wp:featuredmedia":[{"embeddable":true,"href":"https:\/\/www.caririemacao.com\/1\/wp-json\/wp\/v2\/media\/54820"}],"wp:attachment":[{"href":"https:\/\/www.caririemacao.com\/1\/wp-json\/wp\/v2\/media?parent=56628"}],"wp:term":[{"taxonomy":"category","embeddable":true,"href":"https:\/\/www.caririemacao.com\/1\/wp-json\/wp\/v2\/categories?post=56628"},{"taxonomy":"post_tag","embeddable":true,"href":"https:\/\/www.caririemacao.com\/1\/wp-json\/wp\/v2\/tags?post=56628"}],"curies":[{"name":"wp","href":"https:\/\/api.w.org\/{rel}","templated":true}]}}