{"id":56632,"date":"2018-07-08T22:36:19","date_gmt":"2018-07-09T01:36:19","guid":{"rendered":"http:\/\/caririemacao.com\/1\/?p=56632"},"modified":"2018-07-08T22:36:19","modified_gmt":"2018-07-09T01:36:19","slug":"parece-brincadeira-nova-decisao-para-soltar-lula","status":"publish","type":"post","link":"https:\/\/www.caririemacao.com\/1\/2018\/07\/08\/parece-brincadeira-nova-decisao-para-soltar-lula\/","title":{"rendered":"Parece brincadeira Nova decis\u00e3o para soltar Lula"},"content":{"rendered":"<p>O juiz federal Rog\u00e9rio Favreto, no plant\u00e3o do TRF-4 (Tribunal Regional Federal da 4\u00aa Regi\u00e3o), voltou a determinar a soltura do ex-presidente Luiz In\u00e1cio Lula da Silva (PT) em despacho publicado \u00e0s 16h12.<\/p>\n<p>Mais cedo, o relator da Lava Jato na corte, o juiz Jo\u00e3o Pedro Gebran Neto, havia suspendido o habeas corpus.<\/p>\n<p>\u201cN\u00e3o h\u00e1 qualquer subordina\u00e7\u00e3o do signat\u00e1rio a outro colega, mas apenas das decis\u00f5es \u00e0s inst\u00e2ncias judiciais superiores, respeitada a conviv\u00eancia harmoniosa das diverg\u00eancias de compreeens\u00e3o e fundamenta\u00e7\u00e3o das decis\u00f5es, pois n\u00e3o estamos em regime pol\u00edtico e nem judicial de exce\u00e7\u00e3o\u201d, escreveu Favreto.<\/p>\n<p>O juiz decidiu que Lula deve ser solto no prazo m\u00e1ximo de uma hora (at\u00e9 \u00e0s 17h12), dado que a Pol\u00edcia Federal j\u00e1 estaria ciente da decis\u00e3o desde as 10h.<\/p>\n<p>\u201cEventuais descumprimentos importar\u00e3o em desobedi\u00eancia de ordem judicial, nos termos legais.\u201d<\/p>\n<p>Favreto alegou que n\u00e3o cabe corre\u00e7\u00e3o da decis\u00e3o. Segundo ele, o caso deve ser apreciado pelos \u00f3rg\u00e3os competentes, dentro da normalidade da atua\u00e7\u00e3o judicial e respeitado o esgotamento da jurisdi\u00e7\u00e3o especial de plant\u00e3o.<\/p>\n<p>\u201cA decis\u00e3o pretendida de revoga\u00e7\u00e3o \u2013 a qual n\u00e3o se submete, no atual est\u00e1gio, \u00e0 reaprecia\u00e7\u00e3o do colega \u2013 foi devidamente fundamentada quanto ao seu cabimento em sede plantonista\u201d, escreveu.<\/p>\n<p>O juiz tamb\u00e9m pediu que c\u00f3pia da manifesta\u00e7\u00e3o do juiz Sergio Moro, que se op\u00f4s \u00e0 decis\u00e3o de Favreto, seja encaminhada ao conhecimento da Corregedoria do TRF-4 e do Conselho Nacional de Justi\u00e7a, a fim de apurar eventual falta funcional.<\/p>\n<p><strong>CARIRI EM A\u00c7\u00c3O<\/strong><\/p>\n<p>Com Para\u00edba Online\/Foto: Reprodu\u00e7\u00e3o Internet<\/p>\n<p>Leia mais not\u00edcias em\u00a0<a href=\"http:\/\/www.caririemacao.com\/\">caririemacao.com<\/a>, siga nossa p\u00e1gina no\u00a0<a href=\"https:\/\/www.facebook.com\/CaririEmAcao\/?ref=aymt_homepage_panel\">Facebook<\/a>,\u00a0<a href=\"https:\/\/www.instagram.com\/cariri_em_acao\/?hl=pt-br\">Instagram<\/a>\u00a0e\u00a0<a href=\"https:\/\/www.youtube.com\/channel\/UCAptA0jQuYQy8vMhLt2m4qg\">Youtube<\/a>\u00a0e veja nossas mat\u00e9rias, v\u00eddeos e fotos. Voc\u00ea tamb\u00e9m pode enviar informa\u00e7\u00f5es \u00e0 Reda\u00e7\u00e3o do Portal Cariri em A\u00e7\u00e3o pelo WhatsApp (83) 9 9634.5791, (83) 9 9601-1162.<\/p>\n","protected":false},"excerpt":{"rendered":"<p>O juiz federal Rog\u00e9rio Favreto, no plant\u00e3o do TRF-4 (Tribunal Regional Federal da 4\u00aa Regi\u00e3o), voltou a determinar a soltura do ex-presidente Luiz In\u00e1cio Lula&hellip; <\/p>\n","protected":false},"author":2,"featured_media":56633,"comment_status":"closed","ping_status":"closed","sticky":false,"template":"","format":"standard","meta":{"sfsi_plus_gutenberg_text_before_share":"","sfsi_plus_gutenberg_show_text_before_share":"","sfsi_plus_gutenberg_icon_type":"","sfsi_plus_gutenberg_icon_alignemt":"","sfsi_plus_gutenburg_max_per_row":"","footnotes":""},"categories":[11],"tags":[],"class_list":["post-56632","post","type-post","status-publish","format-standard","has-post-thumbnail","hentry","category-politica"],"_links":{"self":[{"href":"https:\/\/www.caririemacao.com\/1\/wp-json\/wp\/v2\/posts\/56632","targetHints":{"allow":["GET"]}}],"collection":[{"href":"https:\/\/www.caririemacao.com\/1\/wp-json\/wp\/v2\/posts"}],"about":[{"href":"https:\/\/www.caririemacao.com\/1\/wp-json\/wp\/v2\/types\/post"}],"author":[{"embeddable":true,"href":"https:\/\/www.caririemacao.com\/1\/wp-json\/wp\/v2\/users\/2"}],"replies":[{"embeddable":true,"href":"https:\/\/www.caririemacao.com\/1\/wp-json\/wp\/v2\/comments?post=56632"}],"version-history":[{"count":1,"href":"https:\/\/www.caririemacao.com\/1\/wp-json\/wp\/v2\/posts\/56632\/revisions"}],"predecessor-version":[{"id":56634,"href":"https:\/\/www.caririemacao.com\/1\/wp-json\/wp\/v2\/posts\/56632\/revisions\/56634"}],"wp:featuredmedia":[{"embeddable":true,"href":"https:\/\/www.caririemacao.com\/1\/wp-json\/wp\/v2\/media\/56633"}],"wp:attachment":[{"href":"https:\/\/www.caririemacao.com\/1\/wp-json\/wp\/v2\/media?parent=56632"}],"wp:term":[{"taxonomy":"category","embeddable":true,"href":"https:\/\/www.caririemacao.com\/1\/wp-json\/wp\/v2\/categories?post=56632"},{"taxonomy":"post_tag","embeddable":true,"href":"https:\/\/www.caririemacao.com\/1\/wp-json\/wp\/v2\/tags?post=56632"}],"curies":[{"name":"wp","href":"https:\/\/api.w.org\/{rel}","templated":true}]}}