{"id":56635,"date":"2018-07-08T22:44:00","date_gmt":"2018-07-09T01:44:00","guid":{"rendered":"http:\/\/caririemacao.com\/1\/?p=56635"},"modified":"2018-07-08T22:44:00","modified_gmt":"2018-07-09T01:44:00","slug":"juiz-que-esta-de-ferias-nao-pode-modificar-decisao-de-juiz-plantonista","status":"publish","type":"post","link":"https:\/\/www.caririemacao.com\/1\/2018\/07\/08\/juiz-que-esta-de-ferias-nao-pode-modificar-decisao-de-juiz-plantonista\/","title":{"rendered":"Juiz que est\u00e1 de f\u00e9rias n\u00e3o pode modificar decis\u00e3o de juiz plantonista"},"content":{"rendered":"<div class=\"nitfSubtitle\">O habeas corpus que o desembargador (Rog\u00e9rio) Favreto deu, as pessoas podem n\u00e3o concordar, e ele pode at\u00e9 n\u00e3o estar correto, mas quem vai dizer isso n\u00e3o \u00e9 o Sergio Moro nem o relator\u201d<\/div>\n<div id=\"content-core\">\n<div>\n<p>S\u00e3o Paulo \u2013\u00a0Para o\u00a0professor de Direito Constitucional e p\u00f3s-doutor em Direito Lenio Streck, a quest\u00e3o a liberdade do ex-presidente Luiz In\u00e1cio Lula da Silva\u00a0ultrapassou a esfera jur\u00eddica. \u201cEsse assunto virou uma disputa pol\u00edtica, n\u00e3o h\u00e1 mais Direito, foi deixado de lado h\u00e1 muito tempo\u201d, afirma.<\/p>\n<p>Para ele, \u201co \u00fanico que pode de fato despachar \u00e9 o plantonista\u201d. \u201cNingu\u00e9m que est\u00e1 de f\u00e9rias pode desautorizar um plantonista, se a moda pega, n\u00e3o haveria mais necessidade de haver plantonista, seria in\u00fatil. \u00c9 simples\u201d, pontua.<\/p>\n<p>Confira abaixo a entrevista.<\/p>\n<p><strong>Como voc\u00ea v\u00ea esse epis\u00f3dio da determina\u00e7\u00e3o da soltura do ex-presidente Luiz In\u00e1cio Lula da Silva pelo desembargador do TRF 4 Rog\u00e9rio Favreto e todo o desenrolar dessa decis\u00e3o, desde a conduta do juiz Sergio Moro de n\u00e3o cumprir a decis\u00e3o at\u00e9 a manifesta\u00e7\u00e3o de\u00a0Jo\u00e3o Pedro\u00a0Gebran\u00a0Neto?<\/strong><\/p>\n<p>Esse assunto virou uma disputa pol\u00edtica, n\u00e3o h\u00e1 mais Direito, foi deixado de lado h\u00e1 muito tempo. O habeas corpus que o desembargador (Rog\u00e9rio) Favreto deu, as pessoas podem n\u00e3o concordar, e ele pode at\u00e9 n\u00e3o estar correto, mas quem vai dizer isso n\u00e3o \u00e9 o Sergio Moro nem o relator (Jo\u00e3o Pedro Gebran Neto),\u00a0que n\u00e3o \u00e9 mais o relator. Ou seja, se o Favreto n\u00e3o poderia despachar nesse habeas corpus, o antigo relator tamb\u00e9m n\u00e3o, os dois est\u00e3o \u2018zero a zero\u2019.<\/p>\n<p>Na verdade, o \u00fanico que pode de fato despachar \u00e9 o plantonista. Ningu\u00e9m que est\u00e1 de f\u00e9rias pode desautorizar um plantonista, se a moda pega, n\u00e3o haveria mais necessidade de haver plantonista, seria in\u00fatil. \u00c9 simples.<\/p>\n<p>Decis\u00e3o judicial se cumpre, quem n\u00e3o cumpre comete crime de desobedi\u00eancia. A decis\u00e3o s\u00f3 pode ser revogada, errada ou certa, pela turma, um outro desembargador n\u00e3o pode avocar (chamar para si) processo, ali\u00e1s n\u00e3o existe essa figura da avoca\u00e7\u00e3o no Direito brasileiro. O argumento de que os advogados de Lula n\u00e3o\u00a0 autorizaram \u00e9 p\u00edfio. Eu posso pedir um habeas corpus, voc\u00ea pode, qualquer pessoa pode fazer, em qualquer lugar, em cima de um peda\u00e7o de papel de p\u00e3o.<\/p>\n<p>O que h\u00e1 \u00e9 que se criou um imbr\u00f3glio, e se havia d\u00favidas de que o Moro n\u00e3o poderia julgar processos do Lula, agora est\u00e1 escancarado. E o pr\u00f3prio TRF 4 virou suspeito. Pouco direito e muita pol\u00edtica.<\/p>\n<p><strong>Al\u00e9m disso existe o fato tamb\u00e9m de o juiz S\u00e9rgio Moro ter tomado essa decis\u00e3o de of\u00edcio antes mesmo da manifesta\u00e7\u00e3o do Minist\u00e9rio P\u00fablico.<\/strong><\/p>\n<p>Evidente, isso \u00e9 outra falha, s\u00e3o 5 ou 6 falhas nesse processo. Ele estava de f\u00e9rias. Tem um juiz de S\u00e3o Paulo que responde a um processo administrativo porque despachou durante as f\u00e9rias. Embora haja decis\u00e3o do STF de que n\u00e3o haveria problemas de um juiz despachar, s\u00e3o circunst\u00e2ncias diferentes, n\u00e3o para impedir que um habeas corpus seja cumprido. Uma coisa \u00e9 voc\u00ea fazer durante as f\u00e9rias algo que n\u00e3o repercuta na esfera do mundo, n\u00e3o \u00e9 esse o caso. Existe plant\u00e3o \u00e9 porque n\u00e3o tem outro (juiz).<\/p>\n<p><strong>Seria manifestamente ilegal esse tipo de conduta.<\/strong><\/p>\n<p>\u00c9 claro. N\u00e3o importa que algu\u00e9m diga que a decis\u00e3o \u00e9 ilegal, inconstitucional, todos os dias acontece e recurso serve para isso. Se um juiz prende algu\u00e9m e n\u00e3o poderia prend\u00ea-lo, tem que recorrer. S\u00f3 o tribunal vai soltar, \u00e9 t\u00e3o simples isso.<\/p>\n<p>Podemos afirmar ent\u00e3o que a decis\u00e3o do desembargador Favreto s\u00f3 poderia ser contestadas por turma do pr\u00f3prio TRF 4.<\/p>\n<p>Temos acompanhado a narrativa de ve\u00edculos da m\u00eddia tradicional, em especial da Globo News que diz que esse epis\u00f3dio seria uma esp\u00e9cie de manobra pol\u00edtica do PT. A liberdade de algu\u00e9m n\u00e3o \u00e9 um valor maior, n\u00e3o deveria estar acima de qualquer discuss\u00e3o pol\u00edtica?<\/p>\n<p>Evidente, mas a Globo News \u00e9 a terceira c\u00e2mara criminal do STF. Os \u2018ministros\u2019 da Globo News, o (Gerson) Camarotti e o Merval (Pereira) mandam em parte do Brasil, da m\u00eddia, fazem o imagin\u00e1rio, constroem tudo. Tem um problema dif\u00edcil? Consulta o Camarotti, ele sabe tudo, \u00e9 o grande jurista que n\u00e3o estudou Direito.<\/p>\n<p><strong>CARIRI EM A\u00c7\u00c3O<\/strong><\/p>\n<p>Com Ti\u00e3o Lucena Foto: Reprodu\u00e7\u00e3o Internet<\/p>\n<p>Leia mais not\u00edcias em\u00a0<a href=\"http:\/\/www.caririemacao.com\/\">caririemacao.com<\/a>, siga nossa p\u00e1gina no\u00a0<a href=\"https:\/\/www.facebook.com\/CaririEmAcao\/?ref=aymt_homepage_panel\">Facebook<\/a>,\u00a0<a href=\"https:\/\/www.instagram.com\/cariri_em_acao\/?hl=pt-br\">Instagram<\/a>\u00a0e\u00a0<a href=\"https:\/\/www.youtube.com\/channel\/UCAptA0jQuYQy8vMhLt2m4qg\">Youtube<\/a>\u00a0e veja nossas mat\u00e9rias, v\u00eddeos e fotos. Voc\u00ea tamb\u00e9m pode enviar informa\u00e7\u00f5es \u00e0 Reda\u00e7\u00e3o do Portal Cariri em A\u00e7\u00e3o pelo WhatsApp (83) 9 9634.5791, (83) 9 9601-1162.<\/p>\n<\/div>\n<\/div>\n","protected":false},"excerpt":{"rendered":"<p>O habeas corpus que o desembargador (Rog\u00e9rio) Favreto deu, as pessoas podem n\u00e3o concordar, e ele pode at\u00e9 n\u00e3o estar correto, mas quem vai dizer&hellip; <\/p>\n","protected":false},"author":2,"featured_media":56639,"comment_status":"closed","ping_status":"closed","sticky":false,"template":"","format":"standard","meta":{"sfsi_plus_gutenberg_text_before_share":"","sfsi_plus_gutenberg_show_text_before_share":"","sfsi_plus_gutenberg_icon_type":"","sfsi_plus_gutenberg_icon_alignemt":"","sfsi_plus_gutenburg_max_per_row":"","footnotes":""},"categories":[2],"tags":[],"class_list":["post-56635","post","type-post","status-publish","format-standard","has-post-thumbnail","hentry","category-geral"],"_links":{"self":[{"href":"https:\/\/www.caririemacao.com\/1\/wp-json\/wp\/v2\/posts\/56635","targetHints":{"allow":["GET"]}}],"collection":[{"href":"https:\/\/www.caririemacao.com\/1\/wp-json\/wp\/v2\/posts"}],"about":[{"href":"https:\/\/www.caririemacao.com\/1\/wp-json\/wp\/v2\/types\/post"}],"author":[{"embeddable":true,"href":"https:\/\/www.caririemacao.com\/1\/wp-json\/wp\/v2\/users\/2"}],"replies":[{"embeddable":true,"href":"https:\/\/www.caririemacao.com\/1\/wp-json\/wp\/v2\/comments?post=56635"}],"version-history":[{"count":1,"href":"https:\/\/www.caririemacao.com\/1\/wp-json\/wp\/v2\/posts\/56635\/revisions"}],"predecessor-version":[{"id":56640,"href":"https:\/\/www.caririemacao.com\/1\/wp-json\/wp\/v2\/posts\/56635\/revisions\/56640"}],"wp:featuredmedia":[{"embeddable":true,"href":"https:\/\/www.caririemacao.com\/1\/wp-json\/wp\/v2\/media\/56639"}],"wp:attachment":[{"href":"https:\/\/www.caririemacao.com\/1\/wp-json\/wp\/v2\/media?parent=56635"}],"wp:term":[{"taxonomy":"category","embeddable":true,"href":"https:\/\/www.caririemacao.com\/1\/wp-json\/wp\/v2\/categories?post=56635"},{"taxonomy":"post_tag","embeddable":true,"href":"https:\/\/www.caririemacao.com\/1\/wp-json\/wp\/v2\/tags?post=56635"}],"curies":[{"name":"wp","href":"https:\/\/api.w.org\/{rel}","templated":true}]}}