{"id":56641,"date":"2018-07-08T22:51:18","date_gmt":"2018-07-09T01:51:18","guid":{"rendered":"http:\/\/caririemacao.com\/1\/?p=56641"},"modified":"2018-07-09T05:40:28","modified_gmt":"2018-07-09T08:40:28","slug":"tigrense-vence-nos-penaltis-o-leao-da-vila-e-se-classifica-para-a-semifinal-da-copa-integracao-de-futebol","status":"publish","type":"post","link":"https:\/\/www.caririemacao.com\/1\/2018\/07\/08\/tigrense-vence-nos-penaltis-o-leao-da-vila-e-se-classifica-para-a-semifinal-da-copa-integracao-de-futebol\/","title":{"rendered":"Tigrense vence nos p\u00eanaltis o Le\u00e3o da Vila e se classifica para a semifinal da Copa Integra\u00e7\u00e3o de Futebol"},"content":{"rendered":"<p>Uma vit\u00f3ria hist\u00f3rica e animadora para a equipe do Tigrense, de S\u00e3o Jo\u00e3o do Tigre, foi registrada na tarde deste domingo (08) em partida que valia vaga para a semifinal da Copa Cariri Integra\u00e7\u00e3o de Futebol. O Tigrense enfrentou uma ex-campe\u00e3 da copa, o Le\u00e3o da Vila de Pocinhos, e conseguiu sua classifica\u00e7\u00e3o na disputa dos p\u00eanaltis.<\/p>\n<p>A partida no tempo normal foi bastante acirrada e as duas equipes empataram em 1 a 1. Nos p\u00eanaltis, o Tigrense venceu e garantiu o passaporte para a seminal.<\/p>\n<p>A sele\u00e7\u00e3o de S\u00e3o Jo\u00e3o do Tigre agora vai enfrentar a atual campe\u00e3 da Copa Cariri Integra\u00e7\u00e3o, o S\u00e3o Paulo de S\u00e3o Jo\u00e3o do Cariri. O jogo promete ser o mais dif\u00edcil da competi\u00e7\u00e3o at\u00e9 aqui e quem passar tem grandes chances de ser a campe\u00e3 do torneio.<\/p>\n<p>Ser\u00e3o dois jogos na semi final e o primeiro ser\u00e1 na casa do Tigrense, no pr\u00f3ximo dia 14 de julho, \u00e0s 15h30. A equipe do Tigrense pediu o apoio da torcida em casa para incentivar a equipe contra a forte sele\u00e7\u00e3o de S\u00e3o Jo\u00e3o do Cariri.<\/p>\n<p>O outro jogo ser\u00e1 em Soledade entre o Barcelona e o Palmeiras de Boqueir\u00e3o.<\/p>\n<p><strong>CARIRI EM A\u00c7\u00c3O<\/strong><\/p>\n<p>Com De Olho no Cariri\/Foto: Reprodu\u00e7\u00e3o Internet<\/p>\n<p>Leia mais not\u00edcias em\u00a0<a href=\"http:\/\/www.caririemacao.com\/\">caririemacao.com<\/a>, siga nossa p\u00e1gina no\u00a0<a href=\"https:\/\/www.facebook.com\/CaririEmAcao\/?ref=aymt_homepage_panel\">Facebook<\/a>,\u00a0<a href=\"https:\/\/www.instagram.com\/cariri_em_acao\/?hl=pt-br\">Instagram<\/a>\u00a0e\u00a0<a href=\"https:\/\/www.youtube.com\/channel\/UCAptA0jQuYQy8vMhLt2m4qg\">Youtube<\/a>\u00a0e veja nossas mat\u00e9rias, v\u00eddeos e fotos. Voc\u00ea tamb\u00e9m pode enviar informa\u00e7\u00f5es \u00e0 Reda\u00e7\u00e3o do Portal Cariri em A\u00e7\u00e3o pelo WhatsApp (83) 9 9634.5791, (83) 9 9601-1162.<\/p>\n","protected":false},"excerpt":{"rendered":"<p>Uma vit\u00f3ria hist\u00f3rica e animadora para a equipe do Tigrense, de S\u00e3o Jo\u00e3o do Tigre, foi registrada na tarde deste domingo (08) em partida que&hellip; <\/p>\n","protected":false},"author":2,"featured_media":56642,"comment_status":"closed","ping_status":"closed","sticky":false,"template":"","format":"standard","meta":{"sfsi_plus_gutenberg_text_before_share":"","sfsi_plus_gutenberg_show_text_before_share":"","sfsi_plus_gutenberg_icon_type":"","sfsi_plus_gutenberg_icon_alignemt":"","sfsi_plus_gutenburg_max_per_row":"","footnotes":""},"categories":[13],"tags":[],"class_list":["post-56641","post","type-post","status-publish","format-standard","has-post-thumbnail","hentry","category-esportes"],"_links":{"self":[{"href":"https:\/\/www.caririemacao.com\/1\/wp-json\/wp\/v2\/posts\/56641","targetHints":{"allow":["GET"]}}],"collection":[{"href":"https:\/\/www.caririemacao.com\/1\/wp-json\/wp\/v2\/posts"}],"about":[{"href":"https:\/\/www.caririemacao.com\/1\/wp-json\/wp\/v2\/types\/post"}],"author":[{"embeddable":true,"href":"https:\/\/www.caririemacao.com\/1\/wp-json\/wp\/v2\/users\/2"}],"replies":[{"embeddable":true,"href":"https:\/\/www.caririemacao.com\/1\/wp-json\/wp\/v2\/comments?post=56641"}],"version-history":[{"count":1,"href":"https:\/\/www.caririemacao.com\/1\/wp-json\/wp\/v2\/posts\/56641\/revisions"}],"predecessor-version":[{"id":56643,"href":"https:\/\/www.caririemacao.com\/1\/wp-json\/wp\/v2\/posts\/56641\/revisions\/56643"}],"wp:featuredmedia":[{"embeddable":true,"href":"https:\/\/www.caririemacao.com\/1\/wp-json\/wp\/v2\/media\/56642"}],"wp:attachment":[{"href":"https:\/\/www.caririemacao.com\/1\/wp-json\/wp\/v2\/media?parent=56641"}],"wp:term":[{"taxonomy":"category","embeddable":true,"href":"https:\/\/www.caririemacao.com\/1\/wp-json\/wp\/v2\/categories?post=56641"},{"taxonomy":"post_tag","embeddable":true,"href":"https:\/\/www.caririemacao.com\/1\/wp-json\/wp\/v2\/tags?post=56641"}],"curies":[{"name":"wp","href":"https:\/\/api.w.org\/{rel}","templated":true}]}}