{"id":56648,"date":"2018-07-09T05:47:56","date_gmt":"2018-07-09T08:47:56","guid":{"rendered":"http:\/\/caririemacao.com\/1\/?p=56648"},"modified":"2018-07-09T05:47:56","modified_gmt":"2018-07-09T08:47:56","slug":"gleisi-diz-que-lula-sera-candidato-e-que-situacao-judicial-e-muito-dificil","status":"publish","type":"post","link":"https:\/\/www.caririemacao.com\/1\/2018\/07\/09\/gleisi-diz-que-lula-sera-candidato-e-que-situacao-judicial-e-muito-dificil\/","title":{"rendered":"Gleisi diz que Lula ser\u00e1 candidato e que situa\u00e7\u00e3o judicial \u00e9 &#8216;muito dif\u00edcil&#8217;"},"content":{"rendered":"<p>Demonstrando n\u00e3o ter esperan\u00e7as de que o ex-presidente\u00a0Luiz In\u00e1cio Lula da Silva\u00a0seja solto imediatamente, a presidente nacional do PT, senadora\u00a0Gleisi Hoffmann\u00a0(PR), afirmou neste domingo, 8, que a situa\u00e7\u00e3o judicial do petista chegou a um &#8220;momento muito dif\u00edcil&#8221;.<\/p>\n<p>Em um ato com aproximadamente 500 pessoas em frente ao Sindicato dos Metal\u00fargicos do ABC, em S\u00e3o Bernardo do Campo, a dirigente petista disse que, se depender do Tribunal Regional Federal da 4\u00aa Regi\u00e3o (TRF), Lula ficar\u00e1 preso. Gleisi declarou que o Supremo Tribunal Federal (STF) pode &#8220;restabelecer&#8221; a justi\u00e7a para Lula, mas ponderou que sua esperan\u00e7a est\u00e1 &#8220;no povo brasileiro&#8221;.<\/p>\n<p>&#8220;Chegamos em momento muito dif\u00edcil para a situa\u00e7\u00e3o judicial do presidente Lula. J\u00e1 temos denunciado essa situa\u00e7\u00e3o que \u00e9 ilegal inconstitucional, que \u00e9 ofensiva aos direitos humanos do presidente. Agora n\u00f3s vemos que realmente est\u00e1 uma situa\u00e7\u00e3o insustent\u00e1vel&#8221;, disse Gleisi, em coletiva de imprensa ap\u00f3s se reunir por duas horas com aliados na sede do sindicato.<\/p>\n<p>Antes das falas de Gleisi, o presidente do tribunal em Porto Alegre, Thompson Flores, endossou decis\u00e3o suspendendo um habeas corpus que havia sido dado pelo plantonista da Corte, desembargador Rog\u00e9rio Favreto, em favor do ex-presidente Lula. Com a decis\u00e3o de Thompson Flores, o petista fica na cadeia.<\/p>\n<p>A presidente do PT classificou a decis\u00e3o do presidente do TRF-4 como &#8220;absurda&#8221; e &#8220;vergonhosa&#8221;. Segundo ela, nenhum desembargador poderia se manifestar ap\u00f3s a decis\u00e3o do plantonista, pois n\u00e3o havia nenhum recurso questionando a primeira manifesta\u00e7\u00e3o pela liberdade de Lula.<\/p>\n<p>Al\u00e9m disso, Gleisi atacou a Pol\u00edcia Federal afirmando que o \u00f3rg\u00e3o ficou &#8220;enrolando&#8221; e agindo &#8220;em marola&#8221; ao n\u00e3o liberar o petista da cadeia enquanto aguardava uma decis\u00e3o administrativa. Ela disse que o ministro da Seguran\u00e7a P\u00fablica, Raul Jungmann, tem &#8220;muito o que explicar&#8221; sobre a n\u00e3o soltura de Lula. A PF \u00e9 subordinada \u00e0 Pasta comandada por Jungmann no governo federal.<\/p>\n<p>O PT convocou os militantes para uma manifesta\u00e7\u00e3o, em S\u00e3o Paulo, amanh\u00e3 a partir das 11 horas. &#8220;Lula vai ganhar a elei\u00e7\u00e3o mesmo que esteja preso&#8221;, disse Gleisi, no discurso para os militantes. Ao deixar o local, a presidente do PT foi abordada por um apoiador que perguntou se Lula ser\u00e1 realmente candidato \u00e0 Presid\u00eancia. &#8220;Mesmo preso, ele ser\u00e1 candidato&#8221;, declarou a petista. A estrat\u00e9gia do PT \u00e9 registrar Lula como candidato no Tribunal Superior Eleitoral (TSE) dia 15 de agosto, data limite para inscri\u00e7\u00e3o de chapas na elei\u00e7\u00e3o.<\/p>\n<p><strong>Cr\u00edticas.\u00a0<\/strong>A presidente do PT, em coletiva \u00e0 imprensa, rebateu cr\u00edticas de que o desembargador que ordenou a soltura de Lula, Rog\u00e9rio Favreto, por ter sido filiado ao PT, n\u00e3o poderia se manifestar pela liberdade do petista. &#8220;Voc\u00eas colocam o Moro tamb\u00e9m nessa situa\u00e7\u00e3o?&#8221;, disse aos jornalistas, afirmando que o juiz da Lava Jato no Paran\u00e1, que condenou Lula na primeira inst\u00e2ncia, participou de eventos com pol\u00edticos do PSDB.<\/p>\n<p>Gleisi afirmou que Favreto teve filia\u00e7\u00e3o ao PT, mas que &#8220;nunca mais andou com ningu\u00e9m do mundo pol\u00edtico&#8221;. No discurso aos militantes, ela classificou a decis\u00e3o pelo habeas corpus como &#8220;maravilhosa&#8221;.<\/p>\n<p><strong>CARIRI EM A\u00c7\u00c3O<\/strong><\/p>\n<p>Com Estad\u00e3o\/Foto: Reprodu\u00e7\u00e3o Internet<\/p>\n<p>Leia mais not\u00edcias em\u00a0<a href=\"http:\/\/www.caririemacao.com\/\">caririemacao.com<\/a>, siga nossa p\u00e1gina no\u00a0<a href=\"https:\/\/www.facebook.com\/CaririEmAcao\/?ref=aymt_homepage_panel\">Facebook<\/a>,\u00a0<a href=\"https:\/\/www.instagram.com\/cariri_em_acao\/?hl=pt-br\">Instagram<\/a>\u00a0e\u00a0<a href=\"https:\/\/www.youtube.com\/channel\/UCAptA0jQuYQy8vMhLt2m4qg\">Youtube<\/a>\u00a0e veja nossas mat\u00e9rias, v\u00eddeos e fotos. Voc\u00ea tamb\u00e9m pode enviar informa\u00e7\u00f5es \u00e0 Reda\u00e7\u00e3o do Portal Cariri em A\u00e7\u00e3o pelo WhatsApp (83) 9 9634.5791, (83) 9 9601-1162.<\/p>\n","protected":false},"excerpt":{"rendered":"<p>Demonstrando n\u00e3o ter esperan\u00e7as de que o ex-presidente\u00a0Luiz In\u00e1cio Lula da Silva\u00a0seja solto imediatamente, a presidente nacional do PT, senadora\u00a0Gleisi Hoffmann\u00a0(PR), afirmou neste domingo, 8,&hellip; <\/p>\n","protected":false},"author":2,"featured_media":56649,"comment_status":"closed","ping_status":"closed","sticky":false,"template":"","format":"standard","meta":{"sfsi_plus_gutenberg_text_before_share":"","sfsi_plus_gutenberg_show_text_before_share":"","sfsi_plus_gutenberg_icon_type":"","sfsi_plus_gutenberg_icon_alignemt":"","sfsi_plus_gutenburg_max_per_row":"","footnotes":""},"categories":[11],"tags":[],"class_list":["post-56648","post","type-post","status-publish","format-standard","has-post-thumbnail","hentry","category-politica"],"_links":{"self":[{"href":"https:\/\/www.caririemacao.com\/1\/wp-json\/wp\/v2\/posts\/56648","targetHints":{"allow":["GET"]}}],"collection":[{"href":"https:\/\/www.caririemacao.com\/1\/wp-json\/wp\/v2\/posts"}],"about":[{"href":"https:\/\/www.caririemacao.com\/1\/wp-json\/wp\/v2\/types\/post"}],"author":[{"embeddable":true,"href":"https:\/\/www.caririemacao.com\/1\/wp-json\/wp\/v2\/users\/2"}],"replies":[{"embeddable":true,"href":"https:\/\/www.caririemacao.com\/1\/wp-json\/wp\/v2\/comments?post=56648"}],"version-history":[{"count":1,"href":"https:\/\/www.caririemacao.com\/1\/wp-json\/wp\/v2\/posts\/56648\/revisions"}],"predecessor-version":[{"id":56650,"href":"https:\/\/www.caririemacao.com\/1\/wp-json\/wp\/v2\/posts\/56648\/revisions\/56650"}],"wp:featuredmedia":[{"embeddable":true,"href":"https:\/\/www.caririemacao.com\/1\/wp-json\/wp\/v2\/media\/56649"}],"wp:attachment":[{"href":"https:\/\/www.caririemacao.com\/1\/wp-json\/wp\/v2\/media?parent=56648"}],"wp:term":[{"taxonomy":"category","embeddable":true,"href":"https:\/\/www.caririemacao.com\/1\/wp-json\/wp\/v2\/categories?post=56648"},{"taxonomy":"post_tag","embeddable":true,"href":"https:\/\/www.caririemacao.com\/1\/wp-json\/wp\/v2\/tags?post=56648"}],"curies":[{"name":"wp","href":"https:\/\/api.w.org\/{rel}","templated":true}]}}