{"id":56663,"date":"2018-07-09T08:43:04","date_gmt":"2018-07-09T11:43:04","guid":{"rendered":"http:\/\/caririemacao.com\/1\/?p=56663"},"modified":"2018-07-09T08:44:20","modified_gmt":"2018-07-09T11:44:20","slug":"candidatura-de-lula-e-fato-novo-no-processo","status":"publish","type":"post","link":"https:\/\/www.caririemacao.com\/1\/2018\/07\/09\/candidatura-de-lula-e-fato-novo-no-processo\/","title":{"rendered":"Candidatura de lula \u00e9 fato novo no processo"},"content":{"rendered":"<p>A alega\u00e7\u00e3o de que o pr\u00e9-candidato Luiz In\u00e1cio Lula da Silva estava impedido de participar de entrevistas, sabatinas e grava\u00e7\u00f5es como os demais pr\u00e9-candidatos \u00e0 presid\u00eancia da Rep\u00fablica foi uma das condi\u00e7\u00f5es para que o desembargador do Tribunal Regional Federal da 4\u00aa Regi\u00e3o, Rog\u00e9rio Favreto, concedesse liberdade provis\u00f3ria a Lula, na manh\u00e3 deste domingo (8). Para Favreto, esse foi o \u201cfato novo\u201d para justificar o\u00a0<em>habeas corpus<\/em>\u00a0concedido ao ex-presidente e, assim, garantiria isonomia ao processo eleitoral brasileiro.<\/p>\n<p>\u201cEfetivamente, o an\u00fancio p\u00fablico pelo paciente como pr\u00e9-candidato, aliado aos j\u00e1 mencionados in\u00fameros pleitos de participa\u00e7\u00e3o em eventos de debates pol\u00edticos, seja pelos meios de comunica\u00e7\u00e3o ou outros instrumentos de manifesta\u00e7\u00e3o da cidadania popular, ensejam verificar a proced\u00eancia de sua plena liberdade a fim de cumprir o desiderato maior de participa\u00e7\u00e3o efetiva no processo democr\u00e1tico\u201d.<\/p>\n<p>Por\u00e9m, no come\u00e7o da noite o presidente do TRF4,\u00a0Carlos Eduardo Thompson Flores Lenz, teve compreens\u00e3o diferente e manteve a pris\u00e3o do ex-presidente Luiz In\u00e1cio Lula da Silva. A medida foi tomada ap\u00f3s recurso do Minist\u00e9rio P\u00fablico Federal contra o habeas corpus concedido.<\/p>\n<p>Segundo a decis\u00e3o de Thompson Flores, deve ser preservada a revoga\u00e7\u00e3o da soltura de Lula, feita pelo desembargador Jo\u00e3o Pedro Gebran Neto.<\/p>\n<p><strong>Supremo<\/strong><\/p>\n<p>J\u00e1 para Favreto, a decis\u00e3o pela soltura de Lula n\u00e3o \u201cdesafia\u201d a decis\u00e3o do Supremo Tribunal Federal (STF) que j\u00e1 havia recusado a possibilidade de liberdade ao ex-presidente em fevereiro. Segundo Favreto, a decis\u00e3o da Suprema Corte analisou apenas o cabimento ou n\u00e3o da condena\u00e7\u00e3o em segunda inst\u00e2ncia.<\/p>\n<p>Favreto destacou tamb\u00e9m que, mesmo quando cab\u00edvel a execu\u00e7\u00e3o em segunda inst\u00e2ncia pode restringir direitos pol\u00edticos que s\u00e3o afetados apenas com decis\u00f5es em tr\u00e2nsito em julgado.<\/p>\n<p>\u201cA execu\u00e7\u00e3o provis\u00f3ria da pena, ele restringe-se ao efeito principal da condena\u00e7\u00e3o penal, consistente na priva\u00e7\u00e3o da liberdade, n\u00e3o abrangendo todos os diretos pol\u00edticos dos cidad\u00e3os, os quais s\u00f3 s\u00e3o amplamente afetados com o tr\u00e2nsito em julgado da decis\u00e3o penal condenat\u00f3ria\u201d, afirmou o magistrado.<\/p>\n<p>No entanto, depois de v\u00e1rias decis\u00f5es divergentes ao longo do dia, o\u00a0presidente do Tribunal Regional Federal da 4\u00aa Regi\u00e3o\u00a0(TRF4), desembargador Carlos Eduardo Thompson Flores Lenz, manteve a pris\u00e3o do ex-presidente Luiz In\u00e1cio Lula da Silva. A medida foi tomada ap\u00f3s recurso do Minist\u00e9rio P\u00fablico Federal contra o\u00a0<em>habeas corpus<\/em>concedido por Favreto.<\/p>\n<p><strong>Entenda o caso<\/strong><\/p>\n<p>Lula est\u00e1 preso na Superintend\u00eancia da Pol\u00edcia Federal em Curitiba, desde o dia 7 de abril, por determina\u00e7\u00e3o do juiz S\u00e9rgio Moro, que determinou a execu\u00e7\u00e3o provis\u00f3ria da pena de 12 anos de pris\u00e3o na a\u00e7\u00e3o penal do triplex do Guaruj\u00e1 (SP), ap\u00f3s o fim dos recursos na segunda inst\u00e2ncia da Justi\u00e7a.<\/p>\n<p>Na manh\u00e3 de hoje (8), o desembargador federal Rog\u00e9rio Favreto, do TRF-4, concedeu\u00a0<em>habeas corpus<\/em>\u00a0ao ex-presidente. A decis\u00e3o deveria ser cumprida em regime de urg\u00eancia, ainda neste domingo, e por n\u00e3o se tratar de dia \u00fatil, seria dispensado o exame de corpo de delito, caso fosse de interesse do pr\u00f3prio Lula.<\/p>\n<p>No entanto, ap\u00f3s a decis\u00e3o, Moro argumentou que Favreto n\u00e3o teria compet\u00eancia para mandar soltar o ex-presidente. Logo em seguida, o Minist\u00e9rio P\u00fablico Federal (MPF) tamb\u00e9m se posicionou de forma contr\u00e1ria \u00e0 soltura.<\/p>\n<p>Em nota, a assessoria de imprensa da Justi\u00e7a Federal no Paran\u00e1 disse que o juiz Sergio Moro informou que est\u00e1 de f\u00e9rias de 2 a 31 de julho. Mas, ao ter sido citado como autoridade coatora no\u00a0<em>habeas corpus<\/em>, entendeu ser poss\u00edvel despachar no processo.<\/p>\n<p>Tamb\u00e9m em nota, a Procuradoria-Geral da Rep\u00fablica afirmou que est\u00e1 atuando em conjunto com o Minist\u00e9rio P\u00fablico Federal na 4\u00aa Regi\u00e3o e confirmou a posi\u00e7\u00e3o da institui\u00e7\u00e3o em favor da manuten\u00e7\u00e3o da pris\u00e3o de Lula at\u00e9 o tr\u00e2nsito em julgado da a\u00e7\u00e3o.<\/p>\n<p>O deputado federal Wadih Damous (PT-RJ) afirmou que o ex-presidente estava muito c\u00e9tico com a possibilidade de ser solto neste domingo.<\/p>\n<p>&#8220;Estive agora com o presidente Lula [na Superintend\u00eancia da Policia Federal, em Curitiba]. Desde que lhe dei a not\u00edcia, sempre demonstrou ceticismo quanto ao cumprimento da decis\u00e3o judicial&#8221;, disse em entrevista a jornalistas. Damous \u00e9 advogado e foi inclu\u00eddo na equipe de defesa do ex-presidente.<\/p>\n<p>Ap\u00f3s as decis\u00f5es conflitantes,\u00a0Rog\u00e9rio Favreto\u00a0voltou a determinar a soltura do ex-presidente. No entanto, at\u00e9 o momento, Lula permanece preso na Superintend\u00eancia da PF em Curitiba.<\/p>\n<div class=\"mrf-truvid\">\n<div>\n<div id=\"br_video_player_da95470758df25dff5872a0c281f1a713f8c20fd\">\n<div class=\"media-player\">\n<div class=\"links-overlay\">\n<div class=\"links-button\">\n<p><strong>CARIRI EM A\u00c7\u00c3O<\/strong><\/p>\n<p>Com Brasil 247\/Foto: Reprodu\u00e7\u00e3o Internet<\/p>\n<p>Leia mais not\u00edcias em\u00a0<a href=\"http:\/\/www.caririemacao.com\/\">caririemacao.com<\/a>, siga nossa p\u00e1gina no\u00a0<a href=\"https:\/\/www.facebook.com\/CaririEmAcao\/?ref=aymt_homepage_panel\">Facebook<\/a>,\u00a0<a href=\"https:\/\/www.instagram.com\/cariri_em_acao\/?hl=pt-br\">Instagram<\/a>\u00a0e\u00a0<a href=\"https:\/\/www.youtube.com\/channel\/UCAptA0jQuYQy8vMhLt2m4qg\">Youtube<\/a>\u00a0e veja nossas mat\u00e9rias, v\u00eddeos e fotos. Voc\u00ea tamb\u00e9m pode enviar informa\u00e7\u00f5es \u00e0 Reda\u00e7\u00e3o do Portal Cariri em A\u00e7\u00e3o pelo WhatsApp (83) 9 9634.5791, (83) 9 9601-1162.<\/p>\n<\/div>\n<\/div>\n<\/div>\n<\/div>\n<\/div>\n<\/div>\n","protected":false},"excerpt":{"rendered":"<p>A alega\u00e7\u00e3o de que o pr\u00e9-candidato Luiz In\u00e1cio Lula da Silva estava impedido de participar de entrevistas, sabatinas e grava\u00e7\u00f5es como os demais pr\u00e9-candidatos \u00e0&hellip; <\/p>\n","protected":false},"author":2,"featured_media":50158,"comment_status":"closed","ping_status":"closed","sticky":false,"template":"","format":"standard","meta":{"sfsi_plus_gutenberg_text_before_share":"","sfsi_plus_gutenberg_show_text_before_share":"","sfsi_plus_gutenberg_icon_type":"","sfsi_plus_gutenberg_icon_alignemt":"","sfsi_plus_gutenburg_max_per_row":"","footnotes":""},"categories":[11],"tags":[],"class_list":["post-56663","post","type-post","status-publish","format-standard","has-post-thumbnail","hentry","category-politica"],"_links":{"self":[{"href":"https:\/\/www.caririemacao.com\/1\/wp-json\/wp\/v2\/posts\/56663","targetHints":{"allow":["GET"]}}],"collection":[{"href":"https:\/\/www.caririemacao.com\/1\/wp-json\/wp\/v2\/posts"}],"about":[{"href":"https:\/\/www.caririemacao.com\/1\/wp-json\/wp\/v2\/types\/post"}],"author":[{"embeddable":true,"href":"https:\/\/www.caririemacao.com\/1\/wp-json\/wp\/v2\/users\/2"}],"replies":[{"embeddable":true,"href":"https:\/\/www.caririemacao.com\/1\/wp-json\/wp\/v2\/comments?post=56663"}],"version-history":[{"count":1,"href":"https:\/\/www.caririemacao.com\/1\/wp-json\/wp\/v2\/posts\/56663\/revisions"}],"predecessor-version":[{"id":56664,"href":"https:\/\/www.caririemacao.com\/1\/wp-json\/wp\/v2\/posts\/56663\/revisions\/56664"}],"wp:featuredmedia":[{"embeddable":true,"href":"https:\/\/www.caririemacao.com\/1\/wp-json\/wp\/v2\/media\/50158"}],"wp:attachment":[{"href":"https:\/\/www.caririemacao.com\/1\/wp-json\/wp\/v2\/media?parent=56663"}],"wp:term":[{"taxonomy":"category","embeddable":true,"href":"https:\/\/www.caririemacao.com\/1\/wp-json\/wp\/v2\/categories?post=56663"},{"taxonomy":"post_tag","embeddable":true,"href":"https:\/\/www.caririemacao.com\/1\/wp-json\/wp\/v2\/tags?post=56663"}],"curies":[{"name":"wp","href":"https:\/\/api.w.org\/{rel}","templated":true}]}}