{"id":56665,"date":"2018-07-09T08:45:22","date_gmt":"2018-07-09T11:45:22","guid":{"rendered":"http:\/\/caririemacao.com\/1\/?p=56665"},"modified":"2018-07-09T08:45:22","modified_gmt":"2018-07-09T11:45:22","slug":"ricardo-coutinho-diz-que-moro-descumpriu-decisao-superior-e-deve-ser-punido","status":"publish","type":"post","link":"https:\/\/www.caririemacao.com\/1\/2018\/07\/09\/ricardo-coutinho-diz-que-moro-descumpriu-decisao-superior-e-deve-ser-punido\/","title":{"rendered":"Ricardo Coutinho diz que Moro descumpriu decis\u00e3o superior e deve ser punido"},"content":{"rendered":"<p>O governador Ricardo Coutinho (PSB) considerou impressionante a a\u00e7\u00e3o de S\u00e9rgio Moro sobre a concess\u00e3o da Habeas corpus ao ex-presidente Lula, preso na sede da Pol\u00edcia Federal, em Curitiba, desde 7 de abril. Ele, contudo, disse que era um ato de justi\u00e7a, ainda que tardio.<\/p>\n<p>A entrevista foi \u00e0 Revista Nordeste. Na conversa, Ricardo Coutinho disse achar \u201cimpressionante um juiz ousar descumprir uma decis\u00e3o superior de um desembargador. Se todos somos iguais perante a lei e decis\u00e3o da justi\u00e7a \u00e9 para ser cumprida, gostando-se ou n\u00e3o.\u201d<\/p>\n<p>O gestor ainda completou dizendo. \u201cA postura de Moro \u00e9 mais uma afronta \u00e0 Justi\u00e7a e precisaria ser punido exemplarmente.\u201d<\/p>\n<p><strong>CARIRI EM A\u00c7\u00c3O<\/strong><\/p>\n<p>Com Pol\u00eamica Para\u00edba\/Foto: Reprodu\u00e7\u00e3o Internet<\/p>\n<p>Leia mais not\u00edcias em\u00a0<a href=\"http:\/\/www.caririemacao.com\/\">caririemacao.com<\/a>, siga nossa p\u00e1gina no\u00a0<a href=\"https:\/\/www.facebook.com\/CaririEmAcao\/?ref=aymt_homepage_panel\">Facebook<\/a>,\u00a0<a href=\"https:\/\/www.instagram.com\/cariri_em_acao\/?hl=pt-br\">Instagram<\/a>\u00a0e\u00a0<a href=\"https:\/\/www.youtube.com\/channel\/UCAptA0jQuYQy8vMhLt2m4qg\">Youtube<\/a>\u00a0e veja nossas mat\u00e9rias, v\u00eddeos e fotos. Voc\u00ea tamb\u00e9m pode enviar informa\u00e7\u00f5es \u00e0 Reda\u00e7\u00e3o do Portal Cariri em A\u00e7\u00e3o pelo WhatsApp (83) 9 9634.5791, (83) 9 9601-1162.<\/p>\n","protected":false},"excerpt":{"rendered":"<p>O governador Ricardo Coutinho (PSB) considerou impressionante a a\u00e7\u00e3o de S\u00e9rgio Moro sobre a concess\u00e3o da Habeas corpus ao ex-presidente Lula, preso na sede da&hellip; <\/p>\n","protected":false},"author":2,"featured_media":50276,"comment_status":"closed","ping_status":"closed","sticky":false,"template":"","format":"standard","meta":{"sfsi_plus_gutenberg_text_before_share":"","sfsi_plus_gutenberg_show_text_before_share":"","sfsi_plus_gutenberg_icon_type":"","sfsi_plus_gutenberg_icon_alignemt":"","sfsi_plus_gutenburg_max_per_row":"","footnotes":""},"categories":[11],"tags":[],"class_list":["post-56665","post","type-post","status-publish","format-standard","has-post-thumbnail","hentry","category-politica"],"_links":{"self":[{"href":"https:\/\/www.caririemacao.com\/1\/wp-json\/wp\/v2\/posts\/56665","targetHints":{"allow":["GET"]}}],"collection":[{"href":"https:\/\/www.caririemacao.com\/1\/wp-json\/wp\/v2\/posts"}],"about":[{"href":"https:\/\/www.caririemacao.com\/1\/wp-json\/wp\/v2\/types\/post"}],"author":[{"embeddable":true,"href":"https:\/\/www.caririemacao.com\/1\/wp-json\/wp\/v2\/users\/2"}],"replies":[{"embeddable":true,"href":"https:\/\/www.caririemacao.com\/1\/wp-json\/wp\/v2\/comments?post=56665"}],"version-history":[{"count":1,"href":"https:\/\/www.caririemacao.com\/1\/wp-json\/wp\/v2\/posts\/56665\/revisions"}],"predecessor-version":[{"id":56666,"href":"https:\/\/www.caririemacao.com\/1\/wp-json\/wp\/v2\/posts\/56665\/revisions\/56666"}],"wp:featuredmedia":[{"embeddable":true,"href":"https:\/\/www.caririemacao.com\/1\/wp-json\/wp\/v2\/media\/50276"}],"wp:attachment":[{"href":"https:\/\/www.caririemacao.com\/1\/wp-json\/wp\/v2\/media?parent=56665"}],"wp:term":[{"taxonomy":"category","embeddable":true,"href":"https:\/\/www.caririemacao.com\/1\/wp-json\/wp\/v2\/categories?post=56665"},{"taxonomy":"post_tag","embeddable":true,"href":"https:\/\/www.caririemacao.com\/1\/wp-json\/wp\/v2\/tags?post=56665"}],"curies":[{"name":"wp","href":"https:\/\/api.w.org\/{rel}","templated":true}]}}