{"id":56667,"date":"2018-07-09T08:46:40","date_gmt":"2018-07-09T11:46:40","guid":{"rendered":"http:\/\/caririemacao.com\/1\/?p=56667"},"modified":"2018-07-09T08:47:13","modified_gmt":"2018-07-09T11:47:13","slug":"advogado-pede-prisao-de-moro-por-descumprir-decisao-judicial","status":"publish","type":"post","link":"https:\/\/www.caririemacao.com\/1\/2018\/07\/09\/advogado-pede-prisao-de-moro-por-descumprir-decisao-judicial\/","title":{"rendered":"Advogado pede pris\u00e3o de Moro por descumprir decis\u00e3o judicial"},"content":{"rendered":"<p>O advogado Douglas Herrero encaminhou of\u00edcio ao Tribunal Regional Federal da 4\u00aa Regi\u00e3o (TRF-4) pedindo a pris\u00e3o do juiz Sergio Moro, da 13\u00aa Vara Federal de Curitiba.<\/p>\n<p>Ele alega que Moro descumpriu ordem judicial e, portanto, est\u00e1 em desconformidade com o C\u00f3digo Penal, que estabelece pena de at\u00e9 seis meses de deten\u00e7\u00e3o para quem &#8220;desobedecer a ordem legal de funcion\u00e1rio p\u00fablico.&#8221;<\/p>\n<p>&#8220;A desobedi\u00eancia \u00e0 ordem judicial \u00e9 crime comum, estando o sr. Sergio Fernando Moro em flagrante delito do referido crime&#8221;, diz o advogado, &#8220;requerendo que seja decretada imediatamente a pris\u00e3o&#8221; do magistrado.<\/p>\n<p>Herrero lembrou que, recentemente, Moro tamb\u00e9m descumpriu decis\u00e3o do Supremo Tribunal Federal (STF) ao determinar o uso de tornozeleira eletr\u00f4nica para o ex-ministro Jos\u00e9 Dirceu.<\/p>\n<p>O ministro Dias Toffoli, do STF, revogou a decis\u00e3o de Moro, alegando que o tribunal havia decidido pela &#8220;liberdade plena&#8221; do petista.<\/p>\n<p>&#8220;Ou seja, trata-se de autoridade judici\u00e1ria reconhecida por negar cumprimento a decis\u00f5es proferidas pelas inst\u00e2ncias superiores&#8221;, escreveu o advogado.<\/p>\n<p><strong>CARIRI EM A\u00c7\u00c3O<\/strong><\/p>\n<p>Com Resumo PB\/Foto: Reprodu\u00e7\u00e3o Internet<\/p>\n<p>Leia mais not\u00edcias em\u00a0<a href=\"http:\/\/www.caririemacao.com\/\">caririemacao.com<\/a>, siga nossa p\u00e1gina no\u00a0<a href=\"https:\/\/www.facebook.com\/CaririEmAcao\/?ref=aymt_homepage_panel\">Facebook<\/a>,\u00a0<a href=\"https:\/\/www.instagram.com\/cariri_em_acao\/?hl=pt-br\">Instagram<\/a>\u00a0e\u00a0<a href=\"https:\/\/www.youtube.com\/channel\/UCAptA0jQuYQy8vMhLt2m4qg\">Youtube<\/a>\u00a0e veja nossas mat\u00e9rias, v\u00eddeos e fotos. Voc\u00ea tamb\u00e9m pode enviar informa\u00e7\u00f5es \u00e0 Reda\u00e7\u00e3o do Portal Cariri em A\u00e7\u00e3o pelo WhatsApp (83) 9 9634.5791, (83) 9 9601-1162.<\/p>\n","protected":false},"excerpt":{"rendered":"<p>O advogado Douglas Herrero encaminhou of\u00edcio ao Tribunal Regional Federal da 4\u00aa Regi\u00e3o (TRF-4) pedindo a pris\u00e3o do juiz Sergio Moro, da 13\u00aa Vara Federal&hellip; <\/p>\n","protected":false},"author":2,"featured_media":34510,"comment_status":"closed","ping_status":"closed","sticky":false,"template":"","format":"standard","meta":{"sfsi_plus_gutenberg_text_before_share":"","sfsi_plus_gutenberg_show_text_before_share":"","sfsi_plus_gutenberg_icon_type":"","sfsi_plus_gutenberg_icon_alignemt":"","sfsi_plus_gutenburg_max_per_row":"","footnotes":""},"categories":[11],"tags":[],"class_list":["post-56667","post","type-post","status-publish","format-standard","has-post-thumbnail","hentry","category-politica"],"_links":{"self":[{"href":"https:\/\/www.caririemacao.com\/1\/wp-json\/wp\/v2\/posts\/56667","targetHints":{"allow":["GET"]}}],"collection":[{"href":"https:\/\/www.caririemacao.com\/1\/wp-json\/wp\/v2\/posts"}],"about":[{"href":"https:\/\/www.caririemacao.com\/1\/wp-json\/wp\/v2\/types\/post"}],"author":[{"embeddable":true,"href":"https:\/\/www.caririemacao.com\/1\/wp-json\/wp\/v2\/users\/2"}],"replies":[{"embeddable":true,"href":"https:\/\/www.caririemacao.com\/1\/wp-json\/wp\/v2\/comments?post=56667"}],"version-history":[{"count":1,"href":"https:\/\/www.caririemacao.com\/1\/wp-json\/wp\/v2\/posts\/56667\/revisions"}],"predecessor-version":[{"id":56668,"href":"https:\/\/www.caririemacao.com\/1\/wp-json\/wp\/v2\/posts\/56667\/revisions\/56668"}],"wp:featuredmedia":[{"embeddable":true,"href":"https:\/\/www.caririemacao.com\/1\/wp-json\/wp\/v2\/media\/34510"}],"wp:attachment":[{"href":"https:\/\/www.caririemacao.com\/1\/wp-json\/wp\/v2\/media?parent=56667"}],"wp:term":[{"taxonomy":"category","embeddable":true,"href":"https:\/\/www.caririemacao.com\/1\/wp-json\/wp\/v2\/categories?post=56667"},{"taxonomy":"post_tag","embeddable":true,"href":"https:\/\/www.caririemacao.com\/1\/wp-json\/wp\/v2\/tags?post=56667"}],"curies":[{"name":"wp","href":"https:\/\/api.w.org\/{rel}","templated":true}]}}