{"id":56672,"date":"2018-07-09T08:57:18","date_gmt":"2018-07-09T11:57:18","guid":{"rendered":"http:\/\/caririemacao.com\/1\/?p=56672"},"modified":"2018-07-09T08:57:18","modified_gmt":"2018-07-09T11:57:18","slug":"galvao-bueno-diz-que-neymar-precisaria-dar-explicacoes-qualquer-coisa-mas-que-falasse","status":"publish","type":"post","link":"https:\/\/www.caririemacao.com\/1\/2018\/07\/09\/galvao-bueno-diz-que-neymar-precisaria-dar-explicacoes-qualquer-coisa-mas-que-falasse\/","title":{"rendered":"Galv\u00e3o Bueno diz que Neymar precisaria dar explica\u00e7\u00f5es: \u201cQualquer coisa, mas que falasse\u201d"},"content":{"rendered":"<p>Em entrevista \u00e0\u00a0<em>R\u00e1dio Itatiaia<\/em>, o narrador Galv\u00e3o Bueno, da TV Globo, declarou que o camisa 10 precisaria\u00a0dar explica\u00e7\u00f5es pelo baixo rendimento no Mundial da R\u00fassia.<\/p>\n<p>&#8220;<em>Esperava que ele explicasse porque n\u00e3o foi o Neymar que ele mesmo esperava e que todos esperavam. O Alisson falou, o Miranda falou, o Renato Augusto falou, o Douglas Costas falou\u2026 acho que cabe aquele que \u00e9 o l\u00edder t\u00e9cnico do time, \u00e0 grande estrela do time, acho que passa sim por um processo de ter que dizer. Ele sentiu o tornozelo no meio do jogo, n\u00e3o sei se aquilo possa ter atrapalhado. A gente n\u00e3o sabe at\u00e9 que ponto pode ter prejudicado. Se ele acha que foi bem na Copa ou n\u00e3o. Qualquer coisa, mas que falasse. Cada um tem sua responsabilidade. Esperava muito mais dele, mas tamb\u00e9m n\u00e3o digo que ele seja culpado<\/em>&#8220;, afirmou.<\/p>\n<p>&#8220;<em>Ele (Neymar) n\u00e3o esteve bem no primeiro jogo, foi razo\u00e1vel no segundo, foi bem no terceiro e no quarto. O jogo da B\u00e9lgica era o dia dele brilhar. O Coutinho come\u00e7ou maravilhosamente bem e depois caiu. Gabriel Jesus tamb\u00e9m n\u00e3o foi feliz. Eu n\u00e3o gosto de elencar culpado, \u00e9 o conjunto da obra. Ningu\u00e9m tem que ser crucificado<\/em>&#8220;, complementa Galv\u00e3o.<\/p>\n<p><strong>Futuro de Tite<\/strong><\/p>\n<p>Questionado sobre a continuidade ou n\u00e3o de Tite, Galv\u00e3o acredita que o mais correto \u00e9 a sua perman\u00eancia. No entanto, o narrador destaca a necessidade de se discutir um projeto para colher frutos l\u00e1 na frente.<\/p>\n<p>&#8220;<em>O\u00a0que eu nunca concordei \u00e9 que a sele\u00e7\u00e3o tivesse um dono. Algu\u00e9m na canetada decidir que este ser\u00e1 o t\u00e9cnico e pronto. N\u00e3o pode ser assim. \u00c9 necess\u00e1rio uma discuss\u00e3o sobre o trabalho a ser feito. A B\u00e9lgica est\u00e1 onde est\u00e1 pois teve um trabalho feito por anos e anos. Alemanha a mesma coisa. Inglaterra conquistou sub-17, sub-20 e fez um trabalho longo de recupera\u00e7\u00e3o. As coisas no Brasil sempre foram no emocional. Tira esse e bota aquele. N\u00e3o pode&#8221;<\/em>, analisa.<\/p>\n<p>&#8220;<em>Temos um presidente eleito que assume em abril. Se o atual se atrapalhou para votar, n\u00e3o pode escolher o t\u00e9cnico da sele\u00e7\u00e3o brasileira amanh\u00e3, n\u00e3o pode demitir o Tite e contratar ningu\u00e9m. As informa\u00e7\u00f5es que eu tenho \u00e9 de continuar com o Tite. Ele pode ter errado em alguma coisa? Pode. Errado alguma substitui\u00e7\u00e3o, ou um jogador ou outro que n\u00e3o chamou, enfim, s\u00e3o opini\u00f5es pessoais. Mas acho que ele fez um bel\u00edssmo trabalho. A sequ\u00eancia \u00e9 o mais correto e ele vai amadurecer nas escolhas, op\u00e7\u00f5es. N\u00e3o o vejo Tite como culpado. A B\u00e9lgica jogou o que tinha para jogar e deu certo. E o Brasil n\u00e3o<\/em>&#8220;, finaliza Galv\u00e3o.<\/p>\n<p><strong>CARIRI EM A\u00c7\u00c3O<\/strong><\/p>\n<p>Com MSN\/Foto: Reprodu\u00e7\u00e3o Internet<\/p>\n<p>Leia mais not\u00edcias em\u00a0<a href=\"http:\/\/www.caririemacao.com\/\">caririemacao.com<\/a>, siga nossa p\u00e1gina no\u00a0<a href=\"https:\/\/www.facebook.com\/CaririEmAcao\/?ref=aymt_homepage_panel\">Facebook<\/a>,\u00a0<a href=\"https:\/\/www.instagram.com\/cariri_em_acao\/?hl=pt-br\">Instagram<\/a>\u00a0e\u00a0<a href=\"https:\/\/www.youtube.com\/channel\/UCAptA0jQuYQy8vMhLt2m4qg\">Youtube<\/a>\u00a0e veja nossas mat\u00e9rias, v\u00eddeos e fotos. Voc\u00ea tamb\u00e9m pode enviar informa\u00e7\u00f5es \u00e0 Reda\u00e7\u00e3o do Portal Cariri em A\u00e7\u00e3o pelo WhatsApp (83) 9 9634.5791, (83) 9 9601-1162.<\/p>\n","protected":false},"excerpt":{"rendered":"<p>Em entrevista \u00e0\u00a0R\u00e1dio Itatiaia, o narrador Galv\u00e3o Bueno, da TV Globo, declarou que o camisa 10 precisaria\u00a0dar explica\u00e7\u00f5es pelo baixo rendimento no Mundial da R\u00fassia.&hellip; <\/p>\n","protected":false},"author":2,"featured_media":56673,"comment_status":"closed","ping_status":"closed","sticky":false,"template":"","format":"standard","meta":{"sfsi_plus_gutenberg_text_before_share":"","sfsi_plus_gutenberg_show_text_before_share":"","sfsi_plus_gutenberg_icon_type":"","sfsi_plus_gutenberg_icon_alignemt":"","sfsi_plus_gutenburg_max_per_row":"","footnotes":""},"categories":[13],"tags":[],"class_list":["post-56672","post","type-post","status-publish","format-standard","has-post-thumbnail","hentry","category-esportes"],"_links":{"self":[{"href":"https:\/\/www.caririemacao.com\/1\/wp-json\/wp\/v2\/posts\/56672","targetHints":{"allow":["GET"]}}],"collection":[{"href":"https:\/\/www.caririemacao.com\/1\/wp-json\/wp\/v2\/posts"}],"about":[{"href":"https:\/\/www.caririemacao.com\/1\/wp-json\/wp\/v2\/types\/post"}],"author":[{"embeddable":true,"href":"https:\/\/www.caririemacao.com\/1\/wp-json\/wp\/v2\/users\/2"}],"replies":[{"embeddable":true,"href":"https:\/\/www.caririemacao.com\/1\/wp-json\/wp\/v2\/comments?post=56672"}],"version-history":[{"count":1,"href":"https:\/\/www.caririemacao.com\/1\/wp-json\/wp\/v2\/posts\/56672\/revisions"}],"predecessor-version":[{"id":56674,"href":"https:\/\/www.caririemacao.com\/1\/wp-json\/wp\/v2\/posts\/56672\/revisions\/56674"}],"wp:featuredmedia":[{"embeddable":true,"href":"https:\/\/www.caririemacao.com\/1\/wp-json\/wp\/v2\/media\/56673"}],"wp:attachment":[{"href":"https:\/\/www.caririemacao.com\/1\/wp-json\/wp\/v2\/media?parent=56672"}],"wp:term":[{"taxonomy":"category","embeddable":true,"href":"https:\/\/www.caririemacao.com\/1\/wp-json\/wp\/v2\/categories?post=56672"},{"taxonomy":"post_tag","embeddable":true,"href":"https:\/\/www.caririemacao.com\/1\/wp-json\/wp\/v2\/tags?post=56672"}],"curies":[{"name":"wp","href":"https:\/\/api.w.org\/{rel}","templated":true}]}}