{"id":56719,"date":"2018-07-10T11:12:51","date_gmt":"2018-07-10T14:12:51","guid":{"rendered":"http:\/\/caririemacao.com\/1\/?p=56719"},"modified":"2018-07-10T11:38:56","modified_gmt":"2018-07-10T14:38:56","slug":"uepb-realiza-doacao-de-livros-para-o-projeto-casinha-da-leitura","status":"publish","type":"post","link":"https:\/\/www.caririemacao.com\/1\/2018\/07\/10\/uepb-realiza-doacao-de-livros-para-o-projeto-casinha-da-leitura\/","title":{"rendered":"UEPB realiza doa\u00e7\u00e3o de livros para o projeto Casinha da Leitura"},"content":{"rendered":"<p>Ap\u00f3s uma solicita\u00e7\u00e3o da Prefeitura de Sum\u00e9 atrav\u00e9s da Secretaria de Educa\u00e7\u00e3o, a Universidade Estadual da Para\u00edba atrav\u00e9s da editora EDUEPB realizou a doa\u00e7\u00e3o de 47 exemplares de 25 t\u00edtulos diferentespara o projeto Casinha da Leitura desenvolvido no munic\u00edpio.<\/p>\n<p>A Casinha da leitura est\u00e1 instalada na Pra\u00e7a Jos\u00e9 Am\u00e9rico, contendo v\u00e1rios livros.\u00c0s ter\u00e7as e s\u00e1bados s\u00e3o disponibilizados novos exemplares para a popula\u00e7\u00e3o, as pessoas podem escolher um livro que esteja dispon\u00edvel no local, levar para casa, fazer a sua leitura e depois devolv\u00ea-lo.<\/p>\n<p>Todos os livros s\u00e3o provenientes de doa\u00e7\u00f5es da popula\u00e7\u00e3o. Qualquer pessoa pode doar um livro para o projeto.<\/p>\n<p><img fetchpriority=\"high\" decoding=\"async\" class=\"alignnone size-full wp-image-56721\" src=\"http:\/\/caririemacao.com\/1\/wp-content\/uploads\/2018\/07\/thumbnail_36913055_2216983395192056_5922190049218134016_n.jpg\" alt=\"\" width=\"960\" height=\"720\" srcset=\"https:\/\/www.caririemacao.com\/1\/wp-content\/uploads\/2018\/07\/thumbnail_36913055_2216983395192056_5922190049218134016_n.jpg 960w, https:\/\/www.caririemacao.com\/1\/wp-content\/uploads\/2018\/07\/thumbnail_36913055_2216983395192056_5922190049218134016_n-300x225.jpg 300w, https:\/\/www.caririemacao.com\/1\/wp-content\/uploads\/2018\/07\/thumbnail_36913055_2216983395192056_5922190049218134016_n-768x576.jpg 768w\" sizes=\"(max-width: 960px) 100vw, 960px\" \/><\/p>\n<p><strong>CARIRI EM A\u00c7\u00c3O<\/strong><\/p>\n<p>Com Ascom\/Foto:\u00a0Ascom<\/p>\n<p>Leia mais not\u00edcias em\u00a0<a href=\"http:\/\/www.caririemacao.com\/\">caririemacao.com<\/a>, siga nossa p\u00e1gina no\u00a0<a href=\"https:\/\/www.facebook.com\/CaririEmAcao\/?ref=aymt_homepage_panel\">Facebook<\/a>,\u00a0<a href=\"https:\/\/www.instagram.com\/cariri_em_acao\/?hl=pt-br\">Instagram<\/a>\u00a0e\u00a0<a href=\"https:\/\/www.youtube.com\/channel\/UCAptA0jQuYQy8vMhLt2m4qg\">Youtube<\/a>\u00a0e veja nossas mat\u00e9rias, v\u00eddeos e fotos. Voc\u00ea tamb\u00e9m pode enviar informa\u00e7\u00f5es \u00e0 Reda\u00e7\u00e3o do Portal Cariri em A\u00e7\u00e3o pelo WhatsApp (83) 9 9634.5791, (83) 9 9601-1162.<\/p>\n","protected":false},"excerpt":{"rendered":"<p>Ap\u00f3s uma solicita\u00e7\u00e3o da Prefeitura de Sum\u00e9 atrav\u00e9s da Secretaria de Educa\u00e7\u00e3o, a Universidade Estadual da Para\u00edba atrav\u00e9s da editora EDUEPB realizou a doa\u00e7\u00e3o de&hellip; <\/p>\n","protected":false},"author":2,"featured_media":56720,"comment_status":"closed","ping_status":"closed","sticky":false,"template":"","format":"standard","meta":{"sfsi_plus_gutenberg_text_before_share":"","sfsi_plus_gutenberg_show_text_before_share":"","sfsi_plus_gutenberg_icon_type":"","sfsi_plus_gutenberg_icon_alignemt":"","sfsi_plus_gutenburg_max_per_row":"","footnotes":""},"categories":[14],"tags":[],"class_list":["post-56719","post","type-post","status-publish","format-standard","has-post-thumbnail","hentry","category-educacao"],"_links":{"self":[{"href":"https:\/\/www.caririemacao.com\/1\/wp-json\/wp\/v2\/posts\/56719","targetHints":{"allow":["GET"]}}],"collection":[{"href":"https:\/\/www.caririemacao.com\/1\/wp-json\/wp\/v2\/posts"}],"about":[{"href":"https:\/\/www.caririemacao.com\/1\/wp-json\/wp\/v2\/types\/post"}],"author":[{"embeddable":true,"href":"https:\/\/www.caririemacao.com\/1\/wp-json\/wp\/v2\/users\/2"}],"replies":[{"embeddable":true,"href":"https:\/\/www.caririemacao.com\/1\/wp-json\/wp\/v2\/comments?post=56719"}],"version-history":[{"count":2,"href":"https:\/\/www.caririemacao.com\/1\/wp-json\/wp\/v2\/posts\/56719\/revisions"}],"predecessor-version":[{"id":56723,"href":"https:\/\/www.caririemacao.com\/1\/wp-json\/wp\/v2\/posts\/56719\/revisions\/56723"}],"wp:featuredmedia":[{"embeddable":true,"href":"https:\/\/www.caririemacao.com\/1\/wp-json\/wp\/v2\/media\/56720"}],"wp:attachment":[{"href":"https:\/\/www.caririemacao.com\/1\/wp-json\/wp\/v2\/media?parent=56719"}],"wp:term":[{"taxonomy":"category","embeddable":true,"href":"https:\/\/www.caririemacao.com\/1\/wp-json\/wp\/v2\/categories?post=56719"},{"taxonomy":"post_tag","embeddable":true,"href":"https:\/\/www.caririemacao.com\/1\/wp-json\/wp\/v2\/tags?post=56719"}],"curies":[{"name":"wp","href":"https:\/\/api.w.org\/{rel}","templated":true}]}}