{"id":56727,"date":"2018-07-09T14:25:41","date_gmt":"2018-07-09T17:25:41","guid":{"rendered":"http:\/\/caririemacao.com\/1\/?p=56727"},"modified":"2018-07-09T14:25:41","modified_gmt":"2018-07-09T17:25:41","slug":"homem-tenta-atear-fogo-em-helicoptero-por-estar-incomodado-com-barulho-na-pb","status":"publish","type":"post","link":"https:\/\/www.caririemacao.com\/1\/2018\/07\/09\/homem-tenta-atear-fogo-em-helicoptero-por-estar-incomodado-com-barulho-na-pb\/","title":{"rendered":"Homem tenta atear fogo em helic\u00f3ptero por estar incomodado com barulho, na PB"},"content":{"rendered":"<div class=\"mc-column content-text active-extra-styles active-capital-letter\" data-block-type=\"unstyled\" data-block-weight=\"53\" data-block-id=\"1\">\n<p class=\"content-text__container theme-color-primary-first-letter\" data-track-category=\"Link no Texto\" data-track-links=\"\">Um homem tentou atear fogo em um helic\u00f3ptero na cidade de Cajazeiras, no Sert\u00e3o da Para\u00edba, neste domingo (8). De acordo com a pol\u00edcia, o suspeito foi preso em flagrante com um gal\u00e3o de gasolina e uma caixa de f\u00f3sforo, amea\u00e7ando o condutor do helic\u00f3ptero que realizava voos panor\u00e2micos no centro da cidade.<\/p>\n<\/div>\n<div class=\"wall\">\n<div class=\"mc-column content-text active-extra-styles \" data-block-type=\"unstyled\" data-block-weight=\"40\" data-block-id=\"2\">\n<p class=\"content-text__container \" data-track-category=\"Link no Texto\" data-track-links=\"\">Segundo a pol\u00edcia, por volta das 12h40, a PM fazia rondas pr\u00f3ximo ao shopping no centro da cidade, quando moradores acionaram os policiais e relataram que um homem estaria tentando atear fogo em um helic\u00f3ptero que fazia voos na regi\u00e3o.<\/p>\n<\/div>\n<div class=\"mc-column content-text active-extra-styles \" data-block-type=\"unstyled\" data-block-weight=\"54\" data-block-id=\"3\">\n<p class=\"content-text__container \" data-track-category=\"Link no Texto\" data-track-links=\"\">As informa\u00e7\u00f5es da pol\u00edcia s\u00e3o de que, ao chegar no local, o homem identificado como Geraldo j\u00e1 havia derramado gasolina no local onde pousaria o helic\u00f3ptero. Com ele, a pol\u00edcia apreendeu uma gal\u00e3o cheio de gasolina e uma caixa de f\u00f3sforo. O homem foi contido pela PM e conduzido at\u00e9 a delegacia da cidade.<\/p>\n<\/div>\n<\/div>\n<div data-track-category=\"fim do conteudo\" data-track-action=\"ultimo chunk conteudo\" data-track-noninteraction=\"false\" data-track-scroll=\"entrada completa viewport\">\n<div class=\"mc-column content-text active-extra-styles \" data-block-type=\"unstyled\" data-block-weight=\"46\" data-block-id=\"4\">\n<p class=\"content-text__container \" data-track-category=\"Link no Texto\" data-track-links=\"\">Segundo relato do homem aos policiais, ele estava incomodado com o barulho que o helic\u00f3ptero fazia no local. Na manh\u00e3 desta segunda-feira (9), a pol\u00edcia informou que o homem foi ouvido na Delegacia de Cajazeiras e depois liberado, por ter sido um crime de menor potencial.<\/p>\n<p><strong>CARIRI EM A\u00c7\u00c3O<\/strong><\/p>\n<p>Com G1\/Foto: Reprodu\u00e7\u00e3o Internet<\/p>\n<p>Leia mais not\u00edcias em\u00a0<a href=\"http:\/\/www.caririemacao.com\/\">caririemacao.com<\/a>, siga nossa p\u00e1gina no\u00a0<a href=\"https:\/\/www.facebook.com\/CaririEmAcao\/?ref=aymt_homepage_panel\">Facebook<\/a>,\u00a0<a href=\"https:\/\/www.instagram.com\/cariri_em_acao\/?hl=pt-br\">Instagram<\/a>\u00a0e\u00a0<a href=\"https:\/\/www.youtube.com\/channel\/UCAptA0jQuYQy8vMhLt2m4qg\">Youtube<\/a>\u00a0e veja nossas mat\u00e9rias, v\u00eddeos e fotos. Voc\u00ea tamb\u00e9m pode enviar informa\u00e7\u00f5es \u00e0 Reda\u00e7\u00e3o do Portal Cariri em A\u00e7\u00e3o pelo WhatsApp (83) 9 9634.5791, (83) 9 9601-1162.<\/p>\n<\/div>\n<\/div>\n","protected":false},"excerpt":{"rendered":"<p>Um homem tentou atear fogo em um helic\u00f3ptero na cidade de Cajazeiras, no Sert\u00e3o da Para\u00edba, neste domingo (8). De acordo com a pol\u00edcia, o&hellip; <\/p>\n","protected":false},"author":2,"featured_media":3750,"comment_status":"closed","ping_status":"closed","sticky":false,"template":"","format":"standard","meta":{"sfsi_plus_gutenberg_text_before_share":"","sfsi_plus_gutenberg_show_text_before_share":"","sfsi_plus_gutenberg_icon_type":"","sfsi_plus_gutenberg_icon_alignemt":"","sfsi_plus_gutenburg_max_per_row":"","footnotes":""},"categories":[12],"tags":[],"class_list":["post-56727","post","type-post","status-publish","format-standard","has-post-thumbnail","hentry","category-policia"],"_links":{"self":[{"href":"https:\/\/www.caririemacao.com\/1\/wp-json\/wp\/v2\/posts\/56727","targetHints":{"allow":["GET"]}}],"collection":[{"href":"https:\/\/www.caririemacao.com\/1\/wp-json\/wp\/v2\/posts"}],"about":[{"href":"https:\/\/www.caririemacao.com\/1\/wp-json\/wp\/v2\/types\/post"}],"author":[{"embeddable":true,"href":"https:\/\/www.caririemacao.com\/1\/wp-json\/wp\/v2\/users\/2"}],"replies":[{"embeddable":true,"href":"https:\/\/www.caririemacao.com\/1\/wp-json\/wp\/v2\/comments?post=56727"}],"version-history":[{"count":1,"href":"https:\/\/www.caririemacao.com\/1\/wp-json\/wp\/v2\/posts\/56727\/revisions"}],"predecessor-version":[{"id":56728,"href":"https:\/\/www.caririemacao.com\/1\/wp-json\/wp\/v2\/posts\/56727\/revisions\/56728"}],"wp:featuredmedia":[{"embeddable":true,"href":"https:\/\/www.caririemacao.com\/1\/wp-json\/wp\/v2\/media\/3750"}],"wp:attachment":[{"href":"https:\/\/www.caririemacao.com\/1\/wp-json\/wp\/v2\/media?parent=56727"}],"wp:term":[{"taxonomy":"category","embeddable":true,"href":"https:\/\/www.caririemacao.com\/1\/wp-json\/wp\/v2\/categories?post=56727"},{"taxonomy":"post_tag","embeddable":true,"href":"https:\/\/www.caririemacao.com\/1\/wp-json\/wp\/v2\/tags?post=56727"}],"curies":[{"name":"wp","href":"https:\/\/api.w.org\/{rel}","templated":true}]}}