{"id":56729,"date":"2018-07-09T14:28:18","date_gmt":"2018-07-09T17:28:18","guid":{"rendered":"http:\/\/caririemacao.com\/1\/?p=56729"},"modified":"2018-07-09T14:28:18","modified_gmt":"2018-07-09T17:28:18","slug":"termina-hoje-prazo-de-inscricao-do-encceja","status":"publish","type":"post","link":"https:\/\/www.caririemacao.com\/1\/2018\/07\/09\/termina-hoje-prazo-de-inscricao-do-encceja\/","title":{"rendered":"Termina hoje prazo de inscri\u00e7\u00e3o do Encceja"},"content":{"rendered":"<p>Os brasileiros residentes no exterior que n\u00e3o conclu\u00edram os estudos na idade apropriada e quiserem fazer o Exame Nacional para Certifica\u00e7\u00e3o de Compet\u00eancias de Jovens e Adultos (Encceja) t\u00eam at\u00e9 as 23h59 de hoje (9) para fazer a inscri\u00e7\u00e3o. A participa\u00e7\u00e3o \u00e9 gratuita e as\u00a0inscri\u00e7\u00f5es\u00a0s\u00e3o feitas pela internet.<\/p>\n<p>As provas ser\u00e3o aplicada no dia 16 de setembro. A aprova\u00e7\u00e3o garante uma certifica\u00e7\u00e3o de conclus\u00e3o no ensino fundamental ou m\u00e9dio. Para fazer as provas do ensino fundamental \u00e9 preciso ter a idade m\u00ednima de 15 anos e, para o m\u00e9dio, de 18 anos.<\/p>\n<p>A vers\u00e3o deste ano ser\u00e1 realizada em 12 pa\u00edses: B\u00e9lgica (Bruxelas); Espanha (Barcelona e Madri); Estados Unidos (Boston, Nova Iorque e Miami); Fran\u00e7a (Paris); Guiana Francesa (Caiena); Holanda (Roterd\u00e3); It\u00e1lia (Roma); Jap\u00e3o (Nag\u00f3ia, Hamamatsu e T\u00f3quio); Portugal (Lisboa); Reino Unido (Londres); Su\u00ed\u00e7a (Genebra); e Suriname (Paramaribo).<\/p>\n<p>A exame tamb\u00e9m ser\u00e1 aplicado a pessoas privadas de liberdade no exterior em T\u00f3quio, Caiena e Istambul de 17 a 28 de setembro.<\/p>\n<h2>Inscri\u00e7\u00e3o<\/h2>\n<p>No momento da inscri\u00e7\u00e3o \u00e9 necess\u00e1rio informar o n\u00famero de CPF que ser\u00e1 utilizado para emiss\u00e3o do certificado e da declara\u00e7\u00e3o parcial de profici\u00eancia, al\u00e9m do n\u00famero do passaporte. No caso das inscri\u00e7\u00f5es dos brasileiros submetidos a penas privativas de liberdade as inscri\u00e7\u00f5es ser\u00e3o feitas pelos respons\u00e1veis nos Consulados-Gerais nas cidades onde haver\u00e1 aplica\u00e7\u00e3o das provas.<\/p>\n<h2>Provas<\/h2>\n<p>Com rela\u00e7\u00e3o ao ensino fundamental, cada prova tem 30 quest\u00f5es de m\u00faltipla escolha nas \u00e1reas ci\u00eancias naturais, matem\u00e1tica, l\u00edngua portuguesa, l\u00edngua estrangeira moderna, artes, educa\u00e7\u00e3o f\u00edsica, reda\u00e7\u00e3o,\u00a0 hist\u00f3ria e geografia. No ensino m\u00e9dio as \u00e1reas s\u00e3o: ci\u00eancias da natureza e suas tecnologias, matem\u00e1tica e suas tecnologias, linguagens e c\u00f3digos e suas tecnologias, reda\u00e7\u00e3o, ci\u00eancias humanas e suas tecnologias.<\/p>\n<p>O Instituto Nacional de Estudos e Pesquisas Educacionais An\u00edsio Teixeira (Inep) oferece materiais de estudo gratuitos, como apostilas para participantes e professores de Educa\u00e7\u00e3o de Jovens e Adultos (EJA), al\u00e9m das provas do ano passado.<\/p>\n<p><strong>CARIRI EM A\u00c7\u00c3O<\/strong><\/p>\n<p>Com Ebc\/Foto: Reprodu\u00e7\u00e3o Internet<\/p>\n<p>Leia mais not\u00edcias em\u00a0<a href=\"http:\/\/www.caririemacao.com\/\">caririemacao.com<\/a>, siga nossa p\u00e1gina no\u00a0<a href=\"https:\/\/www.facebook.com\/CaririEmAcao\/?ref=aymt_homepage_panel\">Facebook<\/a>,\u00a0<a href=\"https:\/\/www.instagram.com\/cariri_em_acao\/?hl=pt-br\">Instagram<\/a>\u00a0e\u00a0<a href=\"https:\/\/www.youtube.com\/channel\/UCAptA0jQuYQy8vMhLt2m4qg\">Youtube<\/a>\u00a0e veja nossas mat\u00e9rias, v\u00eddeos e fotos. Voc\u00ea tamb\u00e9m pode enviar informa\u00e7\u00f5es \u00e0 Reda\u00e7\u00e3o do Portal Cariri em A\u00e7\u00e3o pelo WhatsApp (83) 9 9634.5791, (83) 9 9601-1162.<\/p>\n","protected":false},"excerpt":{"rendered":"<p>Os brasileiros residentes no exterior que n\u00e3o conclu\u00edram os estudos na idade apropriada e quiserem fazer o Exame Nacional para Certifica\u00e7\u00e3o de Compet\u00eancias de Jovens&hellip; <\/p>\n","protected":false},"author":2,"featured_media":44933,"comment_status":"closed","ping_status":"closed","sticky":false,"template":"","format":"standard","meta":{"sfsi_plus_gutenberg_text_before_share":"","sfsi_plus_gutenberg_show_text_before_share":"","sfsi_plus_gutenberg_icon_type":"","sfsi_plus_gutenberg_icon_alignemt":"","sfsi_plus_gutenburg_max_per_row":"","footnotes":""},"categories":[14],"tags":[],"class_list":["post-56729","post","type-post","status-publish","format-standard","has-post-thumbnail","hentry","category-educacao"],"_links":{"self":[{"href":"https:\/\/www.caririemacao.com\/1\/wp-json\/wp\/v2\/posts\/56729","targetHints":{"allow":["GET"]}}],"collection":[{"href":"https:\/\/www.caririemacao.com\/1\/wp-json\/wp\/v2\/posts"}],"about":[{"href":"https:\/\/www.caririemacao.com\/1\/wp-json\/wp\/v2\/types\/post"}],"author":[{"embeddable":true,"href":"https:\/\/www.caririemacao.com\/1\/wp-json\/wp\/v2\/users\/2"}],"replies":[{"embeddable":true,"href":"https:\/\/www.caririemacao.com\/1\/wp-json\/wp\/v2\/comments?post=56729"}],"version-history":[{"count":1,"href":"https:\/\/www.caririemacao.com\/1\/wp-json\/wp\/v2\/posts\/56729\/revisions"}],"predecessor-version":[{"id":56730,"href":"https:\/\/www.caririemacao.com\/1\/wp-json\/wp\/v2\/posts\/56729\/revisions\/56730"}],"wp:featuredmedia":[{"embeddable":true,"href":"https:\/\/www.caririemacao.com\/1\/wp-json\/wp\/v2\/media\/44933"}],"wp:attachment":[{"href":"https:\/\/www.caririemacao.com\/1\/wp-json\/wp\/v2\/media?parent=56729"}],"wp:term":[{"taxonomy":"category","embeddable":true,"href":"https:\/\/www.caririemacao.com\/1\/wp-json\/wp\/v2\/categories?post=56729"},{"taxonomy":"post_tag","embeddable":true,"href":"https:\/\/www.caririemacao.com\/1\/wp-json\/wp\/v2\/tags?post=56729"}],"curies":[{"name":"wp","href":"https:\/\/api.w.org\/{rel}","templated":true}]}}