{"id":56737,"date":"2018-07-09T21:35:57","date_gmt":"2018-07-10T00:35:57","guid":{"rendered":"http:\/\/caririemacao.com\/1\/?p=56737"},"modified":"2018-07-09T21:36:36","modified_gmt":"2018-07-10T00:36:36","slug":"missa-e-procissao-encerram-festejos-religiosos-encerram-festa-de-sao-pedro-em-caraubas","status":"publish","type":"post","link":"https:\/\/www.caririemacao.com\/1\/2018\/07\/09\/missa-e-procissao-encerram-festejos-religiosos-encerram-festa-de-sao-pedro-em-caraubas\/","title":{"rendered":"Missa e prociss\u00e3o encerram festejos religiosos encerram Festa de S\u00e3o Pedro em Cara\u00fabas"},"content":{"rendered":"<p>A Par\u00f3quia de S\u00e3o Pedro no munic\u00edpio de Cara\u00fabas encerrou no \u00faltimo domingo (08) a tradicional festa de S\u00e3o Pedro. O momento foi marcado pela Missa e prociss\u00e3o de encerramento.<\/p>\n<p><img fetchpriority=\"high\" decoding=\"async\" class=\"alignnone wp-image-56738 size-full\" src=\"http:\/\/caririemacao.com\/1\/wp-content\/uploads\/2018\/07\/DSC_0093.jpg\" alt=\"\" width=\"800\" height=\"533\" srcset=\"https:\/\/www.caririemacao.com\/1\/wp-content\/uploads\/2018\/07\/DSC_0093.jpg 800w, https:\/\/www.caririemacao.com\/1\/wp-content\/uploads\/2018\/07\/DSC_0093-300x200.jpg 300w, https:\/\/www.caririemacao.com\/1\/wp-content\/uploads\/2018\/07\/DSC_0093-768x512.jpg 768w\" sizes=\"(max-width: 800px) 100vw, 800px\" \/><\/p>\n<p>A programa\u00e7\u00e3o teve in\u00edcio por volta das 16h e foi presidida pelo padre Romualdo Vieira de Campina Grande e concelebrada pelo p\u00e1roco local Pe. Gustavo Ferreira.<img decoding=\"async\" class=\"alignnone wp-image-56739 size-full lazyload\" data-src=\"http:\/\/caririemacao.com\/1\/wp-content\/uploads\/2018\/07\/DSC_0040.jpg\" alt=\"\" width=\"800\" height=\"533\" data-srcset=\"https:\/\/www.caririemacao.com\/1\/wp-content\/uploads\/2018\/07\/DSC_0040.jpg 800w, https:\/\/www.caririemacao.com\/1\/wp-content\/uploads\/2018\/07\/DSC_0040-300x200.jpg 300w, https:\/\/www.caririemacao.com\/1\/wp-content\/uploads\/2018\/07\/DSC_0040-768x512.jpg 768w\" data-sizes=\"(max-width: 800px) 100vw, 800px\" src=\"data:image\/svg+xml;base64,PHN2ZyB3aWR0aD0iMSIgaGVpZ2h0PSIxIiB4bWxucz0iaHR0cDovL3d3dy53My5vcmcvMjAwMC9zdmciPjwvc3ZnPg==\" style=\"--smush-placeholder-width: 800px; --smush-placeholder-aspect-ratio: 800\/533;\" \/><\/p>\n<p>Ap\u00f3s a celebra\u00e7\u00e3o eucar\u00edstica houve a tradicional prociss\u00e3o com a imagem de S\u00e3o Pedro percorrendo as principais ruas da cidade.<\/p>\n<p><img decoding=\"async\" class=\"aligncenter wp-image-56740 size-full lazyload\" data-src=\"http:\/\/caririemacao.com\/1\/wp-content\/uploads\/2018\/07\/DSC_0103.jpg\" alt=\"\" width=\"800\" height=\"533\" data-srcset=\"https:\/\/www.caririemacao.com\/1\/wp-content\/uploads\/2018\/07\/DSC_0103.jpg 800w, https:\/\/www.caririemacao.com\/1\/wp-content\/uploads\/2018\/07\/DSC_0103-300x200.jpg 300w, https:\/\/www.caririemacao.com\/1\/wp-content\/uploads\/2018\/07\/DSC_0103-768x512.jpg 768w\" data-sizes=\"(max-width: 800px) 100vw, 800px\" src=\"data:image\/svg+xml;base64,PHN2ZyB3aWR0aD0iMSIgaGVpZ2h0PSIxIiB4bWxucz0iaHR0cDovL3d3dy53My5vcmcvMjAwMC9zdmciPjwvc3ZnPg==\" style=\"--smush-placeholder-width: 800px; --smush-placeholder-aspect-ratio: 800\/533;\" \/><\/p>\n<p>O momento contou com centenas de fi\u00e9is que se reuniram na igreja matriz e em seguida tomaram as ruas, demostrando a f\u00e9 e agradecendo as interse\u00e7\u00f5es do santo padroeiro da cidade.<\/p>\n<p><img decoding=\"async\" class=\"aligncenter wp-image-56741 size-full lazyload\" data-src=\"http:\/\/caririemacao.com\/1\/wp-content\/uploads\/2018\/07\/DSC_0094.jpg\" alt=\"\" width=\"800\" height=\"533\" data-srcset=\"https:\/\/www.caririemacao.com\/1\/wp-content\/uploads\/2018\/07\/DSC_0094.jpg 800w, https:\/\/www.caririemacao.com\/1\/wp-content\/uploads\/2018\/07\/DSC_0094-300x200.jpg 300w, https:\/\/www.caririemacao.com\/1\/wp-content\/uploads\/2018\/07\/DSC_0094-768x512.jpg 768w\" data-sizes=\"(max-width: 800px) 100vw, 800px\" src=\"data:image\/svg+xml;base64,PHN2ZyB3aWR0aD0iMSIgaGVpZ2h0PSIxIiB4bWxucz0iaHR0cDovL3d3dy53My5vcmcvMjAwMC9zdmciPjwvc3ZnPg==\" style=\"--smush-placeholder-width: 800px; --smush-placeholder-aspect-ratio: 800\/533;\" \/><\/p>\n<p><a href=\"https:\/\/www.facebook.com\/pg\/CaririEmAcao\/photos\/?tab=album&amp;album_id=1290371724432181\"><strong>Veja fotos\u00a0Missa e prociss\u00e3o encerram festa religiosa de S\u00e3o Pedro<\/strong><\/a><\/p>\n<p><div class=\"ose- ose-uid-65983158f562ff7e21eed81ba51afc64 ose-embedpress-responsive\" style=\"width:600px; height:550px; max-height:550px; max-width:100%; display:inline-block;\" data-embed-type=\"Facebook\"><iframe allowFullScreen=\"true\" class=\"embera-facebook-iframe-b5ed4 lazyload\" data-src=\"https:\/\/www.facebook.com\/plugins\/post.php?href=https%3A%2F%2Fwww.facebook.com%2Fmedia%2Fset%2F%3Fset%3Da.1290371724432181.1073742851.302749469861083%26%23038%3Btype%3D1%26%23038%3Bl%3D109d27d429&width=600&height=550&show_text=true\" width=\"600\" height=\"550\" style=\"border:none;overflow:hidden\" scrolling=\"no\" frameborder=\"0\" allowTransparency=\"true\" src=\"data:image\/svg+xml;base64,PHN2ZyB3aWR0aD0iMSIgaGVpZ2h0PSIxIiB4bWxucz0iaHR0cDovL3d3dy53My5vcmcvMjAwMC9zdmciPjwvc3ZnPg==\" data-load-mode=\"1\"><\/iframe><\/div><\/p>\n<p><strong>CARIRI EM A\u00c7\u00c3O<\/strong><\/p>\n<p>Leia mais not\u00edcias em\u00a0<a href=\"http:\/\/www.caririemacao.com\/\">caririemacao.com<\/a>, siga nossa p\u00e1gina no\u00a0<a href=\"https:\/\/www.facebook.com\/CaririEmAcao\/?ref=aymt_homepage_panel\">Facebook<\/a>,\u00a0<a href=\"https:\/\/www.instagram.com\/cariri_em_acao\/?hl=pt-br\">Instagram<\/a>\u00a0e <a href=\"https:\/\/www.youtube.com\/channel\/UCAptA0jQuYQy8vMhLt2m4qg\">Youtube<\/a>\u00a0e veja nossas mat\u00e9rias, v\u00eddeos e fotos. Voc\u00ea tamb\u00e9m pode enviar informa\u00e7\u00f5es \u00e0 Reda\u00e7\u00e3o do Portal Cariri em A\u00e7\u00e3o pelo WhatsApp (83) 9 9634.5791, (83) 9 9601-1162.<\/p>\n","protected":false},"excerpt":{"rendered":"<p>A Par\u00f3quia de S\u00e3o Pedro no munic\u00edpio de Cara\u00fabas encerrou no \u00faltimo domingo (08) a tradicional festa de S\u00e3o Pedro. O momento foi marcado pela&hellip; <\/p>\n","protected":false},"author":1,"featured_media":56742,"comment_status":"closed","ping_status":"closed","sticky":false,"template":"","format":"standard","meta":{"sfsi_plus_gutenberg_text_before_share":"","sfsi_plus_gutenberg_show_text_before_share":"","sfsi_plus_gutenberg_icon_type":"","sfsi_plus_gutenberg_icon_alignemt":"","sfsi_plus_gutenburg_max_per_row":"","footnotes":""},"categories":[6],"tags":[],"class_list":["post-56737","post","type-post","status-publish","format-standard","has-post-thumbnail","hentry","category-cidades"],"_links":{"self":[{"href":"https:\/\/www.caririemacao.com\/1\/wp-json\/wp\/v2\/posts\/56737","targetHints":{"allow":["GET"]}}],"collection":[{"href":"https:\/\/www.caririemacao.com\/1\/wp-json\/wp\/v2\/posts"}],"about":[{"href":"https:\/\/www.caririemacao.com\/1\/wp-json\/wp\/v2\/types\/post"}],"author":[{"embeddable":true,"href":"https:\/\/www.caririemacao.com\/1\/wp-json\/wp\/v2\/users\/1"}],"replies":[{"embeddable":true,"href":"https:\/\/www.caririemacao.com\/1\/wp-json\/wp\/v2\/comments?post=56737"}],"version-history":[{"count":1,"href":"https:\/\/www.caririemacao.com\/1\/wp-json\/wp\/v2\/posts\/56737\/revisions"}],"predecessor-version":[{"id":56743,"href":"https:\/\/www.caririemacao.com\/1\/wp-json\/wp\/v2\/posts\/56737\/revisions\/56743"}],"wp:featuredmedia":[{"embeddable":true,"href":"https:\/\/www.caririemacao.com\/1\/wp-json\/wp\/v2\/media\/56742"}],"wp:attachment":[{"href":"https:\/\/www.caririemacao.com\/1\/wp-json\/wp\/v2\/media?parent=56737"}],"wp:term":[{"taxonomy":"category","embeddable":true,"href":"https:\/\/www.caririemacao.com\/1\/wp-json\/wp\/v2\/categories?post=56737"},{"taxonomy":"post_tag","embeddable":true,"href":"https:\/\/www.caririemacao.com\/1\/wp-json\/wp\/v2\/tags?post=56737"}],"curies":[{"name":"wp","href":"https:\/\/api.w.org\/{rel}","templated":true}]}}