{"id":56744,"date":"2018-07-09T21:51:09","date_gmt":"2018-07-10T00:51:09","guid":{"rendered":"http:\/\/caririemacao.com\/1\/?p=56744"},"modified":"2018-07-09T21:53:33","modified_gmt":"2018-07-10T00:53:33","slug":"adriano-galdino-prestigia-festa-de-sao-pedro-em-caraubas","status":"publish","type":"post","link":"https:\/\/www.caririemacao.com\/1\/2018\/07\/09\/adriano-galdino-prestigia-festa-de-sao-pedro-em-caraubas\/","title":{"rendered":"Adriano Galdino prestigia festa de S\u00e3o Pedro em Cara\u00fabas"},"content":{"rendered":"<p>Durante o encerramento do maior S\u00e3o Pedro do Cariri Paraibano, o deputado estadual Adriano Galdino (PSB) esteve prestigiando o Tradicional e S\u00e3o Pedro de Cara\u00fabas. Adriano Galdino esteve ao lado do prefeito do munic\u00edpio, Silvano Dudu e de v\u00e1rias lideran\u00e7as pol\u00edticas e amigos do munic\u00edpio.<\/p>\n<p><img fetchpriority=\"high\" decoding=\"async\" class=\"aligncenter wp-image-56746 size-full\" src=\"http:\/\/caririemacao.com\/1\/wp-content\/uploads\/2018\/07\/DSC_0052.jpg\" alt=\"\" width=\"800\" height=\"533\" srcset=\"https:\/\/www.caririemacao.com\/1\/wp-content\/uploads\/2018\/07\/DSC_0052.jpg 800w, https:\/\/www.caririemacao.com\/1\/wp-content\/uploads\/2018\/07\/DSC_0052-300x200.jpg 300w, https:\/\/www.caririemacao.com\/1\/wp-content\/uploads\/2018\/07\/DSC_0052-768x512.jpg 768w\" sizes=\"(max-width: 800px) 100vw, 800px\" \/><\/p>\n<p>Em entrevista ao Cariri em A\u00e7\u00e3o, o deputado fez elogios ao prefeito Silvano pela inciativa de investir na cidade, destacando tamb\u00e9m a parceria que mant\u00e9m com a Gest\u00e3o Municipal.<\/p>\n<p>\u201cSilvano tem demostrado sua capacidade de administrar, uma gest\u00e3o equilibrada e com resultados, prova disso \u00e9 essa festa grandiosa onde todos t\u00eam ganho um evento bem organizado. S\u00f3 temos que parabenizar o prefeito Silvano e todos que comp\u00f5em a gest\u00e3o,\u201d disse.<\/p>\n<h3><a href=\"https:\/\/www.facebook.com\/pg\/CaririEmAcao\/photos\/?tab=album&amp;album_id=1288643211271699\">Veja todas as fotos Clicando Aqui!<\/a><\/h3>\n<p><div class=\"ose- ose-uid-9e7fe16c9cfe1cea4aba22ebf17a3c44 ose-embedpress-responsive\" style=\"width:600px; height:550px; max-height:550px; max-width:100%; display:inline-block;\" data-embed-type=\"Facebook\"><iframe allowFullScreen=\"true\" class=\"embera-facebook-iframe-52ca5 lazyload\" data-src=\"https:\/\/www.facebook.com\/plugins\/post.php?href=https%3A%2F%2Fwww.facebook.com%2Fmedia%2Fset%2F%3Fset%3Da.1288643211271699.1073742848.302749469861083%26%23038%3Btype%3D1%26%23038%3Bl%3Ddd8c91d62d&width=600&height=550&show_text=true\" width=\"600\" height=\"550\" style=\"border:none;overflow:hidden\" scrolling=\"no\" frameborder=\"0\" allowTransparency=\"true\" src=\"data:image\/svg+xml;base64,PHN2ZyB3aWR0aD0iMSIgaGVpZ2h0PSIxIiB4bWxucz0iaHR0cDovL3d3dy53My5vcmcvMjAwMC9zdmciPjwvc3ZnPg==\" data-load-mode=\"1\"><\/iframe><\/div><\/p>\n<p><strong>CARIRI EM A\u00c7\u00c3O<\/strong><\/p>\n<p>Com G1 \/Foto: Reprodu\u00e7\u00e3o Internet, Divulga\u00e7\u00e3o<\/p>\n<p>Leia mais not\u00edcias em\u00a0<a href=\"http:\/\/www.caririemacao.com\/\">caririemacao.com<\/a>, siga nossa p\u00e1gina no\u00a0<a href=\"https:\/\/www.facebook.com\/CaririEmAcao\/?ref=aymt_homepage_panel\">Facebook<\/a>,\u00a0<a href=\"https:\/\/www.instagram.com\/cariri_em_acao\/?hl=pt-br\">Instagram<\/a>\u00a0e <a href=\"https:\/\/www.youtube.com\/channel\/UCAptA0jQuYQy8vMhLt2m4qg\">Youtube<\/a>\u00a0e veja nossas mat\u00e9rias, v\u00eddeos e fotos. Voc\u00ea tamb\u00e9m pode enviar informa\u00e7\u00f5es \u00e0 Reda\u00e7\u00e3o do Portal Cariri em A\u00e7\u00e3o pelo WhatsApp (83) 9 9634.5791, (83) 9 9601-1162.<\/p>\n","protected":false},"excerpt":{"rendered":"<p>Durante o encerramento do maior S\u00e3o Pedro do Cariri Paraibano, o deputado estadual Adriano Galdino (PSB) esteve prestigiando o Tradicional e S\u00e3o Pedro de Cara\u00fabas.&hellip; <\/p>\n","protected":false},"author":1,"featured_media":56747,"comment_status":"closed","ping_status":"closed","sticky":false,"template":"","format":"standard","meta":{"sfsi_plus_gutenberg_text_before_share":"","sfsi_plus_gutenberg_show_text_before_share":"","sfsi_plus_gutenberg_icon_type":"","sfsi_plus_gutenberg_icon_alignemt":"","sfsi_plus_gutenburg_max_per_row":"","footnotes":""},"categories":[11],"tags":[],"class_list":["post-56744","post","type-post","status-publish","format-standard","has-post-thumbnail","hentry","category-politica"],"_links":{"self":[{"href":"https:\/\/www.caririemacao.com\/1\/wp-json\/wp\/v2\/posts\/56744","targetHints":{"allow":["GET"]}}],"collection":[{"href":"https:\/\/www.caririemacao.com\/1\/wp-json\/wp\/v2\/posts"}],"about":[{"href":"https:\/\/www.caririemacao.com\/1\/wp-json\/wp\/v2\/types\/post"}],"author":[{"embeddable":true,"href":"https:\/\/www.caririemacao.com\/1\/wp-json\/wp\/v2\/users\/1"}],"replies":[{"embeddable":true,"href":"https:\/\/www.caririemacao.com\/1\/wp-json\/wp\/v2\/comments?post=56744"}],"version-history":[{"count":3,"href":"https:\/\/www.caririemacao.com\/1\/wp-json\/wp\/v2\/posts\/56744\/revisions"}],"predecessor-version":[{"id":56750,"href":"https:\/\/www.caririemacao.com\/1\/wp-json\/wp\/v2\/posts\/56744\/revisions\/56750"}],"wp:featuredmedia":[{"embeddable":true,"href":"https:\/\/www.caririemacao.com\/1\/wp-json\/wp\/v2\/media\/56747"}],"wp:attachment":[{"href":"https:\/\/www.caririemacao.com\/1\/wp-json\/wp\/v2\/media?parent=56744"}],"wp:term":[{"taxonomy":"category","embeddable":true,"href":"https:\/\/www.caririemacao.com\/1\/wp-json\/wp\/v2\/categories?post=56744"},{"taxonomy":"post_tag","embeddable":true,"href":"https:\/\/www.caririemacao.com\/1\/wp-json\/wp\/v2\/tags?post=56744"}],"curies":[{"name":"wp","href":"https:\/\/api.w.org\/{rel}","templated":true}]}}