{"id":56751,"date":"2018-07-09T22:01:50","date_gmt":"2018-07-10T01:01:50","guid":{"rendered":"http:\/\/caririemacao.com\/1\/?p=56751"},"modified":"2018-07-09T22:05:53","modified_gmt":"2018-07-10T01:05:53","slug":"renivan-participa-do-tradicional-sao-pedro-de-caraubas-e-recepciona-pre-candidato-a-deputado-estadual","status":"publish","type":"post","link":"https:\/\/www.caririemacao.com\/1\/2018\/07\/09\/renivan-participa-do-tradicional-sao-pedro-de-caraubas-e-recepciona-pre-candidato-a-deputado-estadual\/","title":{"rendered":"Renivan participa do tradicional S\u00e3o Pedro de Cara\u00fabas e recepciona pr\u00e9-candidato a deputado estadual"},"content":{"rendered":"<p>O presidente da C\u00e2mara Municipal de Cara\u00fabas, Renivan Neves, esteve participando dos festejos do tradicional S\u00e3o Pedro no munic\u00edpio, onde na ocasi\u00e3o se confraternizou com parceiros amigos e correligion\u00e1rios.<img fetchpriority=\"high\" decoding=\"async\" class=\"alignnone wp-image-56752 size-full\" src=\"http:\/\/caririemacao.com\/1\/wp-content\/uploads\/2018\/07\/DSC_0145.jpg\" alt=\"\" width=\"800\" height=\"533\" srcset=\"https:\/\/www.caririemacao.com\/1\/wp-content\/uploads\/2018\/07\/DSC_0145.jpg 800w, https:\/\/www.caririemacao.com\/1\/wp-content\/uploads\/2018\/07\/DSC_0145-300x200.jpg 300w, https:\/\/www.caririemacao.com\/1\/wp-content\/uploads\/2018\/07\/DSC_0145-768x512.jpg 768w\" sizes=\"(max-width: 800px) 100vw, 800px\" \/><\/p>\n<p>Na oportunidade, Renivan tamb\u00e9m esteve recepcionado o pr\u00e9-candidato a deputado estadual, Napole\u00e3o Maracaj\u00e1, que visitou o munic\u00edpio durante o segundo dia de evento.<\/p>\n<p>O presidente Renivan Neves parabenizou a Gest\u00e3o Municipal pelo evento que se consolidou como o Maior S\u00e3o Pedro do Cariri.<\/p>\n<p>&#8220;Realmente \u00e9 o maior S\u00e3o Pedro do Cariri, a maior comemora\u00e7\u00e3o de S\u00e3o Pedro que j\u00e1 podemos ver \u00e9 aqui na cidade de Cara\u00fabas. Quero parabenizar a gest\u00e3o pelo zelo com a tradi\u00e7\u00e3o e com essa festa que representa a cultura do nosso povo,&#8221; afirmou.<\/p>\n<p>J\u00e1 o pr\u00e9-candidato a deputado estadual, Napole\u00e3o Maracaj\u00e1, destacou a grandiosidade do evento e parabenizou todos que colaboraram para a realiza\u00e7\u00e3o do mesmo.<img decoding=\"async\" class=\"alignnone wp-image-56754 size-full lazyload\" data-src=\"http:\/\/caririemacao.com\/1\/wp-content\/uploads\/2018\/07\/DSC_0175.jpg\" alt=\"\" width=\"800\" height=\"533\" data-srcset=\"https:\/\/www.caririemacao.com\/1\/wp-content\/uploads\/2018\/07\/DSC_0175.jpg 800w, https:\/\/www.caririemacao.com\/1\/wp-content\/uploads\/2018\/07\/DSC_0175-300x200.jpg 300w, https:\/\/www.caririemacao.com\/1\/wp-content\/uploads\/2018\/07\/DSC_0175-768x512.jpg 768w\" data-sizes=\"(max-width: 800px) 100vw, 800px\" src=\"data:image\/svg+xml;base64,PHN2ZyB3aWR0aD0iMSIgaGVpZ2h0PSIxIiB4bWxucz0iaHR0cDovL3d3dy53My5vcmcvMjAwMC9zdmciPjwvc3ZnPg==\" style=\"--smush-placeholder-width: 800px; --smush-placeholder-aspect-ratio: 800\/533;\" \/><\/p>\n<p>\u201cQuero parabenizar a todos que se empenharam para constru\u00e7\u00e3o desse evento, um evento organizado onde a popula\u00e7\u00e3o pode se confraternizar com tranquilidade, \u00e9 importante destacar tamb\u00e9m que momentos como esses devem ser valorizados e o poder p\u00fablico tem a responsabilidade de proteger essa cultura que s\u00f3 nos dar orgulho,\u201d destacou Maracaj\u00e1.<\/p>\n<p><strong>CARIRI EM A\u00c7\u00c3O<\/strong><\/p>\n<p>Leia mais not\u00edcias em\u00a0<a href=\"http:\/\/www.caririemacao.com\/\">caririemacao.com<\/a>, siga nossa p\u00e1gina no\u00a0<a href=\"https:\/\/www.facebook.com\/CaririEmAcao\/?ref=aymt_homepage_panel\">Facebook<\/a>,\u00a0<a href=\"https:\/\/www.instagram.com\/cariri_em_acao\/?hl=pt-br\">Instagram<\/a>\u00a0e <a href=\"https:\/\/www.youtube.com\/channel\/UCAptA0jQuYQy8vMhLt2m4qg\">Youtube<\/a>\u00a0e veja nossas mat\u00e9rias, v\u00eddeos e fotos. Voc\u00ea tamb\u00e9m pode enviar informa\u00e7\u00f5es \u00e0 Reda\u00e7\u00e3o do Portal Cariri em A\u00e7\u00e3o pelo WhatsApp (83) 9 9634.5791, (83) 9 9601-1162.<\/p>\n","protected":false},"excerpt":{"rendered":"<p>O presidente da C\u00e2mara Municipal de Cara\u00fabas, Renivan Neves, esteve participando dos festejos do tradicional S\u00e3o Pedro no munic\u00edpio, onde na ocasi\u00e3o se confraternizou com&hellip; <\/p>\n","protected":false},"author":1,"featured_media":56753,"comment_status":"closed","ping_status":"closed","sticky":false,"template":"","format":"standard","meta":{"sfsi_plus_gutenberg_text_before_share":"","sfsi_plus_gutenberg_show_text_before_share":"","sfsi_plus_gutenberg_icon_type":"","sfsi_plus_gutenberg_icon_alignemt":"","sfsi_plus_gutenburg_max_per_row":"","footnotes":""},"categories":[2],"tags":[],"class_list":["post-56751","post","type-post","status-publish","format-standard","has-post-thumbnail","hentry","category-geral"],"_links":{"self":[{"href":"https:\/\/www.caririemacao.com\/1\/wp-json\/wp\/v2\/posts\/56751","targetHints":{"allow":["GET"]}}],"collection":[{"href":"https:\/\/www.caririemacao.com\/1\/wp-json\/wp\/v2\/posts"}],"about":[{"href":"https:\/\/www.caririemacao.com\/1\/wp-json\/wp\/v2\/types\/post"}],"author":[{"embeddable":true,"href":"https:\/\/www.caririemacao.com\/1\/wp-json\/wp\/v2\/users\/1"}],"replies":[{"embeddable":true,"href":"https:\/\/www.caririemacao.com\/1\/wp-json\/wp\/v2\/comments?post=56751"}],"version-history":[{"count":1,"href":"https:\/\/www.caririemacao.com\/1\/wp-json\/wp\/v2\/posts\/56751\/revisions"}],"predecessor-version":[{"id":56756,"href":"https:\/\/www.caririemacao.com\/1\/wp-json\/wp\/v2\/posts\/56751\/revisions\/56756"}],"wp:featuredmedia":[{"embeddable":true,"href":"https:\/\/www.caririemacao.com\/1\/wp-json\/wp\/v2\/media\/56753"}],"wp:attachment":[{"href":"https:\/\/www.caririemacao.com\/1\/wp-json\/wp\/v2\/media?parent=56751"}],"wp:term":[{"taxonomy":"category","embeddable":true,"href":"https:\/\/www.caririemacao.com\/1\/wp-json\/wp\/v2\/categories?post=56751"},{"taxonomy":"post_tag","embeddable":true,"href":"https:\/\/www.caririemacao.com\/1\/wp-json\/wp\/v2\/tags?post=56751"}],"curies":[{"name":"wp","href":"https:\/\/api.w.org\/{rel}","templated":true}]}}