{"id":56761,"date":"2018-07-10T09:46:49","date_gmt":"2018-07-10T12:46:49","guid":{"rendered":"http:\/\/caririemacao.com\/1\/?p=56761"},"modified":"2018-07-10T09:46:49","modified_gmt":"2018-07-10T12:46:49","slug":"o-mp-e-o-tce-nao-apuram-as-denuncias-que-fazemos-contra-o-governo-de-romero-diz-veneziano","status":"publish","type":"post","link":"https:\/\/www.caririemacao.com\/1\/2018\/07\/10\/o-mp-e-o-tce-nao-apuram-as-denuncias-que-fazemos-contra-o-governo-de-romero-diz-veneziano\/","title":{"rendered":"O MP e o TCE n\u00e3o apuram as den\u00fancias que fazemos contra o governo de Romero, diz Veneziano"},"content":{"rendered":"<p>O Minist\u00e9rio P\u00fablico e o Tribunal de Contas n\u00e3o agem e n\u00e3o apuram as den\u00fancias que fazemos contra o governo de Romero\u2019, foi o que afirmou o pr\u00e9-candidato ao Senado Federal pelo PSB, Veneziano Vital, durante entrevista nessa segunda-feira (09), ao programa Conex\u00e3o Master, da TV Master.<\/p>\n<p>\u201cA gente tem uma realidade constru\u00edda com muito esfor\u00e7o. O que a atual gest\u00e3o faz \u00e9 artificializar a opini\u00e3o p\u00fablica local, estendendo \u00e0 opini\u00e3o p\u00fablica estadual, algo que inexiste. Continuo a dizer e a propor, apresentem a mim uma obra que efetivamente tenha a marca, o carimbo e investimento da Prefeitura de Campina Grande. N\u00e3o me tragam, por favor, uma obra do Governo Federal\u201d.<\/p>\n<p>Veneziano afirmou ainda que j\u00e1 chegaram a comparar \u201cse fosse com ele\u201d, e garantiu que o \u201cmundo estaria acabando\u201d e os pedidos de CPIs estariam em cima do mesmo.<\/p>\n<p>\u201cA PMCG se tornou de novo um instrumento para viabiliza\u00e7\u00e3o pol\u00edtica dos que a comandam. O prefeito tem a cunhada, a irm\u00e3, o primo, os tios. Os secret\u00e1rios do prefeito com assinatura das portarias em comiss\u00e3o colocam primos e cunhados\u201d, declarou.<\/p>\n<p><strong>CARIRI EM A\u00c7\u00c3O<\/strong><\/p>\n<p>Com Pol\u00eamica Para\u00edba\/Foto: Reprodu\u00e7\u00e3o Internet<\/p>\n<p>Leia mais not\u00edcias em\u00a0<a href=\"http:\/\/www.caririemacao.com\/\">caririemacao.com<\/a>, siga nossa p\u00e1gina no\u00a0<a href=\"https:\/\/www.facebook.com\/CaririEmAcao\/?ref=aymt_homepage_panel\">Facebook<\/a>,\u00a0<a href=\"https:\/\/www.instagram.com\/cariri_em_acao\/?hl=pt-br\">Instagram<\/a>\u00a0e <a href=\"https:\/\/www.youtube.com\/channel\/UCAptA0jQuYQy8vMhLt2m4qg\">Youtube<\/a>\u00a0e veja nossas mat\u00e9rias, v\u00eddeos e fotos. Voc\u00ea tamb\u00e9m pode enviar informa\u00e7\u00f5es \u00e0 Reda\u00e7\u00e3o do Portal Cariri em A\u00e7\u00e3o pelo WhatsApp (83) 9 9634.5791, (83) 9 9601-1162.<\/p>\n","protected":false},"excerpt":{"rendered":"<p>O Minist\u00e9rio P\u00fablico e o Tribunal de Contas n\u00e3o agem e n\u00e3o apuram as den\u00fancias que fazemos contra o governo de Romero\u2019, foi o que&hellip; <\/p>\n","protected":false},"author":1,"featured_media":56763,"comment_status":"closed","ping_status":"closed","sticky":false,"template":"","format":"standard","meta":{"sfsi_plus_gutenberg_text_before_share":"","sfsi_plus_gutenberg_show_text_before_share":"","sfsi_plus_gutenberg_icon_type":"","sfsi_plus_gutenberg_icon_alignemt":"","sfsi_plus_gutenburg_max_per_row":"","footnotes":""},"categories":[11],"tags":[],"class_list":["post-56761","post","type-post","status-publish","format-standard","has-post-thumbnail","hentry","category-politica"],"_links":{"self":[{"href":"https:\/\/www.caririemacao.com\/1\/wp-json\/wp\/v2\/posts\/56761","targetHints":{"allow":["GET"]}}],"collection":[{"href":"https:\/\/www.caririemacao.com\/1\/wp-json\/wp\/v2\/posts"}],"about":[{"href":"https:\/\/www.caririemacao.com\/1\/wp-json\/wp\/v2\/types\/post"}],"author":[{"embeddable":true,"href":"https:\/\/www.caririemacao.com\/1\/wp-json\/wp\/v2\/users\/1"}],"replies":[{"embeddable":true,"href":"https:\/\/www.caririemacao.com\/1\/wp-json\/wp\/v2\/comments?post=56761"}],"version-history":[{"count":1,"href":"https:\/\/www.caririemacao.com\/1\/wp-json\/wp\/v2\/posts\/56761\/revisions"}],"predecessor-version":[{"id":56764,"href":"https:\/\/www.caririemacao.com\/1\/wp-json\/wp\/v2\/posts\/56761\/revisions\/56764"}],"wp:featuredmedia":[{"embeddable":true,"href":"https:\/\/www.caririemacao.com\/1\/wp-json\/wp\/v2\/media\/56763"}],"wp:attachment":[{"href":"https:\/\/www.caririemacao.com\/1\/wp-json\/wp\/v2\/media?parent=56761"}],"wp:term":[{"taxonomy":"category","embeddable":true,"href":"https:\/\/www.caririemacao.com\/1\/wp-json\/wp\/v2\/categories?post=56761"},{"taxonomy":"post_tag","embeddable":true,"href":"https:\/\/www.caririemacao.com\/1\/wp-json\/wp\/v2\/tags?post=56761"}],"curies":[{"name":"wp","href":"https:\/\/api.w.org\/{rel}","templated":true}]}}