{"id":56765,"date":"2018-07-10T09:54:49","date_gmt":"2018-07-10T12:54:49","guid":{"rendered":"http:\/\/caririemacao.com\/1\/?p=56765"},"modified":"2018-07-10T09:54:49","modified_gmt":"2018-07-10T12:54:49","slug":"prefeita-e-secretaria-de-saude-de-monteiro-entregam-mais-uma-unidade-de-saude-na-cidade","status":"publish","type":"post","link":"https:\/\/www.caririemacao.com\/1\/2018\/07\/10\/prefeita-e-secretaria-de-saude-de-monteiro-entregam-mais-uma-unidade-de-saude-na-cidade\/","title":{"rendered":"Prefeita e Secret\u00e1ria de Sa\u00fade de Monteiro entregam mais uma unidade de sa\u00fade na cidade"},"content":{"rendered":"<p>A Prefeitura de Monteiro entrega nesta quinta-feira, 12, a Unidade B\u00e1sica de Sa\u00fade da Fam\u00edlia do bairro Alto da Serra. A nova unidade vai atender a popula\u00e7\u00e3o do pr\u00f3prio bairro e adjac\u00eancias. A entrega das instala\u00e7\u00f5es est\u00e1 prevista para acontecer \u00e0s 16h:30 com a presen\u00e7a da prefeita Anna Lorena e a secret\u00e1ria de Sa\u00fade, Ana Paula Oliveira.<\/p>\n<p>A estrutura disp\u00f5e de recep\u00e7\u00e3o, sala de vacina, copa, almoxarifado, sala de espera e de procedimentos, inala\u00e7\u00e3o, curativos, consult\u00f3rios, consult\u00f3rio odontol\u00f3gico, central de material de esteriliza\u00e7\u00e3o e sanit\u00e1rios.<\/p>\n<p>No local ser\u00e3o oferecidos os servi\u00e7os de pr\u00e9-natal, consultas m\u00e9dicas e de enfermagem, atendimento odontol\u00f3gico, vacina\u00e7\u00e3o, visita domiciliar, exames preventivos, curativos, agendamento de consultas de exames, controle de glicemia, grupo de controle de hipertens\u00e3o, al\u00e9m dos programas do Minist\u00e9rio da Sa\u00fade voltados para atendimentos de crian\u00e7as, idosos, mulheres e gestantes.<\/p>\n<p>\u201cDevido o crescimento da cidade de Monteiro, v\u00e1rios bairros est\u00e3o surgindo tornando-se necess\u00e1ria a aten\u00e7\u00e3o \u00e0 sa\u00fade b\u00e1sica. Entregaremos mais esta unidade de sa\u00fade visando a manuten\u00e7\u00e3o da sa\u00fade da popula\u00e7\u00e3o com mais comodidade\u201d, disse a prefeita Anna Lorena.<\/p>\n<p>\u201cConvidamos toda a popula\u00e7\u00e3o para prestigiar esta entrega t\u00e3o importante para a cidade. Este \u00e9 mais um servi\u00e7o de sa\u00fade que ser\u00e1 disponibilizado\u201d, convida a secret\u00e1ria Ana Paula Oliveira.<\/p>\n<p><strong>CARIRI EM A\u00c7\u00c3O<\/strong><\/p>\n<p>Com Ascom\/Foto: Reprodu\u00e7\u00e3o Internet<\/p>\n<p>Leia mais not\u00edcias em\u00a0<a href=\"http:\/\/www.caririemacao.com\/\">caririemacao.com<\/a>, siga nossa p\u00e1gina no\u00a0<a href=\"https:\/\/www.facebook.com\/CaririEmAcao\/?ref=aymt_homepage_panel\">Facebook<\/a>,\u00a0<a href=\"https:\/\/www.instagram.com\/cariri_em_acao\/?hl=pt-br\">Instagram<\/a>\u00a0e <a href=\"https:\/\/www.youtube.com\/channel\/UCAptA0jQuYQy8vMhLt2m4qg\">Youtube<\/a>\u00a0e veja nossas mat\u00e9rias, v\u00eddeos e fotos. Voc\u00ea tamb\u00e9m pode enviar informa\u00e7\u00f5es \u00e0 Reda\u00e7\u00e3o do Portal Cariri em A\u00e7\u00e3o pelo WhatsApp (83) 9 9634.5791, (83) 9 9601-1162.<\/p>\n","protected":false},"excerpt":{"rendered":"<p>A Prefeitura de Monteiro entrega nesta quinta-feira, 12, a Unidade B\u00e1sica de Sa\u00fade da Fam\u00edlia do bairro Alto da Serra. A nova unidade vai atender&hellip; <\/p>\n","protected":false},"author":1,"featured_media":12074,"comment_status":"closed","ping_status":"closed","sticky":false,"template":"","format":"standard","meta":{"sfsi_plus_gutenberg_text_before_share":"","sfsi_plus_gutenberg_show_text_before_share":"","sfsi_plus_gutenberg_icon_type":"","sfsi_plus_gutenberg_icon_alignemt":"","sfsi_plus_gutenburg_max_per_row":"","footnotes":""},"categories":[16],"tags":[],"class_list":["post-56765","post","type-post","status-publish","format-standard","has-post-thumbnail","hentry","category-saude"],"_links":{"self":[{"href":"https:\/\/www.caririemacao.com\/1\/wp-json\/wp\/v2\/posts\/56765","targetHints":{"allow":["GET"]}}],"collection":[{"href":"https:\/\/www.caririemacao.com\/1\/wp-json\/wp\/v2\/posts"}],"about":[{"href":"https:\/\/www.caririemacao.com\/1\/wp-json\/wp\/v2\/types\/post"}],"author":[{"embeddable":true,"href":"https:\/\/www.caririemacao.com\/1\/wp-json\/wp\/v2\/users\/1"}],"replies":[{"embeddable":true,"href":"https:\/\/www.caririemacao.com\/1\/wp-json\/wp\/v2\/comments?post=56765"}],"version-history":[{"count":1,"href":"https:\/\/www.caririemacao.com\/1\/wp-json\/wp\/v2\/posts\/56765\/revisions"}],"predecessor-version":[{"id":56766,"href":"https:\/\/www.caririemacao.com\/1\/wp-json\/wp\/v2\/posts\/56765\/revisions\/56766"}],"wp:featuredmedia":[{"embeddable":true,"href":"https:\/\/www.caririemacao.com\/1\/wp-json\/wp\/v2\/media\/12074"}],"wp:attachment":[{"href":"https:\/\/www.caririemacao.com\/1\/wp-json\/wp\/v2\/media?parent=56765"}],"wp:term":[{"taxonomy":"category","embeddable":true,"href":"https:\/\/www.caririemacao.com\/1\/wp-json\/wp\/v2\/categories?post=56765"},{"taxonomy":"post_tag","embeddable":true,"href":"https:\/\/www.caririemacao.com\/1\/wp-json\/wp\/v2\/tags?post=56765"}],"curies":[{"name":"wp","href":"https:\/\/api.w.org\/{rel}","templated":true}]}}