{"id":56767,"date":"2018-07-10T10:00:57","date_gmt":"2018-07-10T13:00:57","guid":{"rendered":"http:\/\/caririemacao.com\/1\/?p=56767"},"modified":"2018-07-10T10:00:57","modified_gmt":"2018-07-10T13:00:57","slug":"lbv-mobiliza-sociedade-ajudar-familias-da-zona-rural-do-brejo-paraibano","status":"publish","type":"post","link":"https:\/\/www.caririemacao.com\/1\/2018\/07\/10\/lbv-mobiliza-sociedade-ajudar-familias-da-zona-rural-do-brejo-paraibano\/","title":{"rendered":"LBV mobiliza sociedade ajudar fam\u00edlias da Zona Rural do Brejo Paraibano"},"content":{"rendered":"<p class=\"m_-4708124682017010643x_MsoNormal\">A Legi\u00e3o da Boa Vontade (LBV) promove a\u00e7\u00f5es permanentes em apoio \u00e0s popula\u00e7\u00f5es em situa\u00e7\u00e3o de vulnerabilidade social. Umas das iniciativas \u00e9 a campanha\u00a0<i>Diga Sim!\/Fiz um gol pela inf\u00e2ncia brasileira,<\/i>\u00a0por meio da qual a LBV mobiliza a sociedade a fazer doa\u00e7\u00f5es e, mediante os recursos, entrega, neste per\u00edodo do ano, cestas de alimentos para fam\u00edlias que sofrem com a desigualdade social no estado da Para\u00edba e em v\u00e1rias regi\u00f5es do Pa\u00eds.<\/p>\n<p class=\"m_-4708124682017010643x_MsoNormal\">A campanha \u00e9 de car\u00e1ter emergencial, por isso, neste m\u00eas de julho a LBV entrega mais de 12 mil cestas no Brasil, sendo\u00a0<b>700 cestas de alimentos n\u00e3o perec\u00edveis\u00a0<\/b>a fam\u00edlias em situa\u00e7\u00e3o de pobreza que residem na Zona Rural dos munic\u00edpios de Alagoa Grande (comunidade Quilombola Caiana dos Crioulos, Barreiras e Usina Tanques) em Dona In\u00eas (comunidade dos Remanescentes do Quilombo Cruz de Menina). A mobiliza\u00e7\u00e3o social visa contribuir para assist\u00eancia b\u00e1sica e aux\u00edlio de crian\u00e7as, adolescentes, jovens, adultos e idosos.<\/p>\n<p class=\"m_-4708124682017010643x_MsoNormal\"><b>A\u00e7\u00e3o solid\u00e1ria<\/b><b><\/b><\/p>\n<p class=\"m_-4708124682017010643x_MsoNormal\">Em todo o pa\u00eds, a campanha beneficia tamb\u00e9m com a doa\u00e7\u00e3o de cestas de alimentos n\u00e3o perec\u00edveis fam\u00edlias do Acre, de Alagoas, da Bahia, do Cear\u00e1, do Esp\u00edrito Santo, de Goi\u00e1s, do Maranh\u00e3o, do Mato Grosso, de Minas Gerais, de Pernambuco, do Piau\u00ed, do Rio de Janeiro, do Rio Grande do Norte, de Rond\u00f4nia, de Sergipe e do Tocantins.<\/p>\n<p class=\"m_-4708124682017010643x_MsoNormal\">Ainda d\u00e1 tempo de ajudar! Quem quiser colaborar para a campanha pode faz\u00ea-lo entrando em contato pelo tel.: 0800 055 50 99 ou pelo\u00a0<i>site<\/i>\u00a0<span class=\"m_-4708124682017010643x_gmail-MsoHyperlink\"><a id=\"m_-4708124682017010643LPlnk654016\" class=\"m_-4708124682017010643OWAAutoLink\" href=\"http:\/\/www.lbv.org\/\" target=\"_blank\" rel=\"noopener\" data-saferedirecturl=\"https:\/\/www.google.com\/url?q=http:\/\/www.lbv.org\/&amp;source=gmail&amp;ust=1531313625820000&amp;usg=AFQjCNHHQCHj7BeaOW2r-5b5M06dDdHxzQ\">www.lbv.org<\/a><\/span><\/p>\n<p><strong>CARIRI EM A\u00c7\u00c3O<\/strong><\/p>\n<p>Com G1 \/Foto: Reprodu\u00e7\u00e3o Internet, Divulga\u00e7\u00e3o<\/p>\n<p>Leia mais not\u00edcias em\u00a0<a href=\"http:\/\/www.caririemacao.com\/\">caririemacao.com<\/a>, siga nossa p\u00e1gina no\u00a0<a href=\"https:\/\/www.facebook.com\/CaririEmAcao\/?ref=aymt_homepage_panel\">Facebook<\/a>,\u00a0<a href=\"https:\/\/www.instagram.com\/cariri_em_acao\/?hl=pt-br\">Instagram<\/a>\u00a0e <a href=\"https:\/\/www.youtube.com\/channel\/UCAptA0jQuYQy8vMhLt2m4qg\">Youtube<\/a>\u00a0e veja nossas mat\u00e9rias, v\u00eddeos e fotos. Voc\u00ea tamb\u00e9m pode enviar informa\u00e7\u00f5es \u00e0 Reda\u00e7\u00e3o do Portal Cariri em A\u00e7\u00e3o pelo WhatsApp (83) 9 9634.5791, (83) 9 9601-1162.<\/p>\n","protected":false},"excerpt":{"rendered":"<p>A Legi\u00e3o da Boa Vontade (LBV) promove a\u00e7\u00f5es permanentes em apoio \u00e0s popula\u00e7\u00f5es em situa\u00e7\u00e3o de vulnerabilidade social. Umas das iniciativas \u00e9 a campanha\u00a0Diga Sim!\/Fiz&hellip; <\/p>\n","protected":false},"author":1,"featured_media":23875,"comment_status":"closed","ping_status":"closed","sticky":false,"template":"","format":"standard","meta":{"sfsi_plus_gutenberg_text_before_share":"","sfsi_plus_gutenberg_show_text_before_share":"","sfsi_plus_gutenberg_icon_type":"","sfsi_plus_gutenberg_icon_alignemt":"","sfsi_plus_gutenburg_max_per_row":"","footnotes":""},"categories":[2],"tags":[],"class_list":["post-56767","post","type-post","status-publish","format-standard","has-post-thumbnail","hentry","category-geral"],"_links":{"self":[{"href":"https:\/\/www.caririemacao.com\/1\/wp-json\/wp\/v2\/posts\/56767","targetHints":{"allow":["GET"]}}],"collection":[{"href":"https:\/\/www.caririemacao.com\/1\/wp-json\/wp\/v2\/posts"}],"about":[{"href":"https:\/\/www.caririemacao.com\/1\/wp-json\/wp\/v2\/types\/post"}],"author":[{"embeddable":true,"href":"https:\/\/www.caririemacao.com\/1\/wp-json\/wp\/v2\/users\/1"}],"replies":[{"embeddable":true,"href":"https:\/\/www.caririemacao.com\/1\/wp-json\/wp\/v2\/comments?post=56767"}],"version-history":[{"count":1,"href":"https:\/\/www.caririemacao.com\/1\/wp-json\/wp\/v2\/posts\/56767\/revisions"}],"predecessor-version":[{"id":56768,"href":"https:\/\/www.caririemacao.com\/1\/wp-json\/wp\/v2\/posts\/56767\/revisions\/56768"}],"wp:featuredmedia":[{"embeddable":true,"href":"https:\/\/www.caririemacao.com\/1\/wp-json\/wp\/v2\/media\/23875"}],"wp:attachment":[{"href":"https:\/\/www.caririemacao.com\/1\/wp-json\/wp\/v2\/media?parent=56767"}],"wp:term":[{"taxonomy":"category","embeddable":true,"href":"https:\/\/www.caririemacao.com\/1\/wp-json\/wp\/v2\/categories?post=56767"},{"taxonomy":"post_tag","embeddable":true,"href":"https:\/\/www.caririemacao.com\/1\/wp-json\/wp\/v2\/tags?post=56767"}],"curies":[{"name":"wp","href":"https:\/\/api.w.org\/{rel}","templated":true}]}}