{"id":56769,"date":"2018-07-10T10:15:46","date_gmt":"2018-07-10T13:15:46","guid":{"rendered":"http:\/\/caririemacao.com\/1\/?p=56769"},"modified":"2018-07-10T10:15:46","modified_gmt":"2018-07-10T13:15:46","slug":"prazo-para-confirmar-informacoes-do-prouni-termina-nesta-terca","status":"publish","type":"post","link":"https:\/\/www.caririemacao.com\/1\/2018\/07\/10\/prazo-para-confirmar-informacoes-do-prouni-termina-nesta-terca\/","title":{"rendered":"Prazo para confirmar informa\u00e7\u00f5es do ProUni termina nesta ter\u00e7a"},"content":{"rendered":"<p>Encerra hoje (10) o prazo para os candidatos pr\u00e9-selecionados na primeira chamada do Programa Universidade para Todos (ProUni) do segundo semestre de 2018 comprovarem as informa\u00e7\u00f5es prestadas no ato de inscri\u00e7\u00e3o. A comprova\u00e7\u00e3o \u00e9 feita na institui\u00e7\u00e3o de ensino com a apresenta\u00e7\u00e3o de documentos.<\/p>\n<p>A lista dos pr\u00e9-selecionados foi divulgada no \u00faltimo dia (2). A pr\u00e9-sele\u00e7\u00e3o assegura ao candidato apenas a expectativa de direito \u00e0 bolsa. Quem est\u00e1 na lista deve comparecer \u00e0 institui\u00e7\u00e3o de ensino e apresentar os documentos necess\u00e1rios. A lista com a documenta\u00e7\u00e3o pode ser consultada na\u00a0p\u00e1gina do ProUni.<\/p>\n<p>O candidato deve verificar, na institui\u00e7\u00e3o para o qual foi selecionado, os hor\u00e1rios e o local de comparecimento para a aferi\u00e7\u00e3o das informa\u00e7\u00f5es. A perda do prazo ou a n\u00e3o comprova\u00e7\u00e3o das informa\u00e7\u00f5es implicar\u00e1, automaticamente, a reprova\u00e7\u00e3o do candidato.<\/p>\n<p>O resultado da segunda chamada ser\u00e1 divulgado no dia 16 de julho.<\/p>\n<p><strong>ProUni<\/strong><\/p>\n<p>O Programa oferece bolsas de estudo em institui\u00e7\u00f5es privadas de ensino superior. Ao todo, neste processo seletivo, ser\u00e3o ofertadas 174.289 vagas, sendo 68.884 bolsas integrais e 105.405 parciais, em 1.460 institui\u00e7\u00f5es.<\/p>\n<p><strong>CARIRI EM A\u00c7\u00c3O<\/strong><\/p>\n<p>Com\u00a0 Ag\u00eancia Brasil \/Foto: Reprodu\u00e7\u00e3o Internet<\/p>\n<p>Leia mais not\u00edcias em\u00a0<a href=\"http:\/\/www.caririemacao.com\/\">caririemacao.com<\/a>, siga nossa p\u00e1gina no\u00a0<a href=\"https:\/\/www.facebook.com\/CaririEmAcao\/?ref=aymt_homepage_panel\">Facebook<\/a>,\u00a0<a href=\"https:\/\/www.instagram.com\/cariri_em_acao\/?hl=pt-br\">Instagram<\/a>\u00a0e <a href=\"https:\/\/www.youtube.com\/channel\/UCAptA0jQuYQy8vMhLt2m4qg\">Youtube<\/a>\u00a0e veja nossas mat\u00e9rias, v\u00eddeos e fotos. Voc\u00ea tamb\u00e9m pode enviar informa\u00e7\u00f5es \u00e0 Reda\u00e7\u00e3o do Portal Cariri em A\u00e7\u00e3o pelo WhatsApp (83) 9 9634.5791, (83) 9 9601-1162.<\/p>\n","protected":false},"excerpt":{"rendered":"<p>Encerra hoje (10) o prazo para os candidatos pr\u00e9-selecionados na primeira chamada do Programa Universidade para Todos (ProUni) do segundo semestre de 2018 comprovarem as&hellip; <\/p>\n","protected":false},"author":1,"featured_media":13230,"comment_status":"closed","ping_status":"closed","sticky":false,"template":"","format":"standard","meta":{"sfsi_plus_gutenberg_text_before_share":"","sfsi_plus_gutenberg_show_text_before_share":"","sfsi_plus_gutenberg_icon_type":"","sfsi_plus_gutenberg_icon_alignemt":"","sfsi_plus_gutenburg_max_per_row":"","footnotes":""},"categories":[14],"tags":[],"class_list":["post-56769","post","type-post","status-publish","format-standard","has-post-thumbnail","hentry","category-educacao"],"_links":{"self":[{"href":"https:\/\/www.caririemacao.com\/1\/wp-json\/wp\/v2\/posts\/56769","targetHints":{"allow":["GET"]}}],"collection":[{"href":"https:\/\/www.caririemacao.com\/1\/wp-json\/wp\/v2\/posts"}],"about":[{"href":"https:\/\/www.caririemacao.com\/1\/wp-json\/wp\/v2\/types\/post"}],"author":[{"embeddable":true,"href":"https:\/\/www.caririemacao.com\/1\/wp-json\/wp\/v2\/users\/1"}],"replies":[{"embeddable":true,"href":"https:\/\/www.caririemacao.com\/1\/wp-json\/wp\/v2\/comments?post=56769"}],"version-history":[{"count":1,"href":"https:\/\/www.caririemacao.com\/1\/wp-json\/wp\/v2\/posts\/56769\/revisions"}],"predecessor-version":[{"id":56770,"href":"https:\/\/www.caririemacao.com\/1\/wp-json\/wp\/v2\/posts\/56769\/revisions\/56770"}],"wp:featuredmedia":[{"embeddable":true,"href":"https:\/\/www.caririemacao.com\/1\/wp-json\/wp\/v2\/media\/13230"}],"wp:attachment":[{"href":"https:\/\/www.caririemacao.com\/1\/wp-json\/wp\/v2\/media?parent=56769"}],"wp:term":[{"taxonomy":"category","embeddable":true,"href":"https:\/\/www.caririemacao.com\/1\/wp-json\/wp\/v2\/categories?post=56769"},{"taxonomy":"post_tag","embeddable":true,"href":"https:\/\/www.caririemacao.com\/1\/wp-json\/wp\/v2\/tags?post=56769"}],"curies":[{"name":"wp","href":"https:\/\/api.w.org\/{rel}","templated":true}]}}