{"id":56771,"date":"2018-07-10T10:22:22","date_gmt":"2018-07-10T13:22:22","guid":{"rendered":"http:\/\/caririemacao.com\/1\/?p=56771"},"modified":"2018-07-10T10:22:22","modified_gmt":"2018-07-10T13:22:22","slug":"secretaria-de-saude-de-sume-realiza-mutirao-de-ultrassonografia-obstetrica","status":"publish","type":"post","link":"https:\/\/www.caririemacao.com\/1\/2018\/07\/10\/secretaria-de-saude-de-sume-realiza-mutirao-de-ultrassonografia-obstetrica\/","title":{"rendered":"Secretaria de Sa\u00fade de Sum\u00e9 realiza mutir\u00e3o de ultrassonografia obst\u00e9trica"},"content":{"rendered":"<div class=\"contentPost\">\n<p>A Prefeitura de Sum\u00e9 atrav\u00e9s da Secretaria de Sa\u00fade, realizou no \u00faltimo s\u00e1bado (07\/06) um mutir\u00e3o de ultrassonografia obst\u00e9trica para 50 gestantes do munic\u00edpio.<\/p>\n<p>A realiza\u00e7\u00e3o da ultrassonografia durante a gravidez \u00e9 muito importante para a obten\u00e7\u00e3o de informa\u00e7\u00f5es sobre a sa\u00fade do beb\u00ea, al\u00e9m de fornecer as informa\u00e7\u00f5es necess\u00e1rias para o acompanhamento seguro da gesta\u00e7\u00e3o.<\/p>\n<p>O objetivo da Secretaria de Sa\u00fade foi diminuir a demanda e oferecer um atendimento mais humanizado a todos os usu\u00e1rios do Sistema \u00danico de Sa\u00fade.<\/p>\n<p>De acordo com a secret\u00e1ria de Sa\u00fade, Alessandra Regina, a inten\u00e7\u00e3o \u00e9 zerar a fila das gestantes que esperam pela ultrassonografia e afirmou que a pasta estar\u00e1 levantando a demanda para realizar outras a\u00e7\u00f5es visando atender um n\u00famero ainda maior de gestantes e demais populares que necessitam de servi\u00e7os.<\/p>\n<\/div>\n<p><strong>CARIRI EM A\u00c7\u00c3O<\/strong><\/p>\n<p>Com Ascom \/Foto: Divulga\u00e7\u00e3o<\/p>\n<p>Leia mais not\u00edcias em\u00a0<a href=\"http:\/\/www.caririemacao.com\/\">caririemacao.com<\/a>, siga nossa p\u00e1gina no\u00a0<a href=\"https:\/\/www.facebook.com\/CaririEmAcao\/?ref=aymt_homepage_panel\">Facebook<\/a>,\u00a0<a href=\"https:\/\/www.instagram.com\/cariri_em_acao\/?hl=pt-br\">Instagram<\/a>\u00a0e <a href=\"https:\/\/www.youtube.com\/channel\/UCAptA0jQuYQy8vMhLt2m4qg\">Youtube<\/a>\u00a0e veja nossas mat\u00e9rias, v\u00eddeos e fotos. Voc\u00ea tamb\u00e9m pode enviar informa\u00e7\u00f5es \u00e0 Reda\u00e7\u00e3o do Portal Cariri em A\u00e7\u00e3o pelo WhatsApp (83) 9 9634.5791, (83) 9 9601-1162.<\/p>\n","protected":false},"excerpt":{"rendered":"<p>A Prefeitura de Sum\u00e9 atrav\u00e9s da Secretaria de Sa\u00fade, realizou no \u00faltimo s\u00e1bado (07\/06) um mutir\u00e3o de ultrassonografia obst\u00e9trica para 50 gestantes do munic\u00edpio. A&hellip; <\/p>\n","protected":false},"author":1,"featured_media":56772,"comment_status":"closed","ping_status":"closed","sticky":false,"template":"","format":"standard","meta":{"sfsi_plus_gutenberg_text_before_share":"","sfsi_plus_gutenberg_show_text_before_share":"","sfsi_plus_gutenberg_icon_type":"","sfsi_plus_gutenberg_icon_alignemt":"","sfsi_plus_gutenburg_max_per_row":"","footnotes":""},"categories":[16],"tags":[],"class_list":["post-56771","post","type-post","status-publish","format-standard","has-post-thumbnail","hentry","category-saude"],"_links":{"self":[{"href":"https:\/\/www.caririemacao.com\/1\/wp-json\/wp\/v2\/posts\/56771","targetHints":{"allow":["GET"]}}],"collection":[{"href":"https:\/\/www.caririemacao.com\/1\/wp-json\/wp\/v2\/posts"}],"about":[{"href":"https:\/\/www.caririemacao.com\/1\/wp-json\/wp\/v2\/types\/post"}],"author":[{"embeddable":true,"href":"https:\/\/www.caririemacao.com\/1\/wp-json\/wp\/v2\/users\/1"}],"replies":[{"embeddable":true,"href":"https:\/\/www.caririemacao.com\/1\/wp-json\/wp\/v2\/comments?post=56771"}],"version-history":[{"count":1,"href":"https:\/\/www.caririemacao.com\/1\/wp-json\/wp\/v2\/posts\/56771\/revisions"}],"predecessor-version":[{"id":56773,"href":"https:\/\/www.caririemacao.com\/1\/wp-json\/wp\/v2\/posts\/56771\/revisions\/56773"}],"wp:featuredmedia":[{"embeddable":true,"href":"https:\/\/www.caririemacao.com\/1\/wp-json\/wp\/v2\/media\/56772"}],"wp:attachment":[{"href":"https:\/\/www.caririemacao.com\/1\/wp-json\/wp\/v2\/media?parent=56771"}],"wp:term":[{"taxonomy":"category","embeddable":true,"href":"https:\/\/www.caririemacao.com\/1\/wp-json\/wp\/v2\/categories?post=56771"},{"taxonomy":"post_tag","embeddable":true,"href":"https:\/\/www.caririemacao.com\/1\/wp-json\/wp\/v2\/tags?post=56771"}],"curies":[{"name":"wp","href":"https:\/\/api.w.org\/{rel}","templated":true}]}}