{"id":56776,"date":"2018-07-10T10:36:28","date_gmt":"2018-07-10T13:36:28","guid":{"rendered":"http:\/\/caririemacao.com\/1\/?p=56776"},"modified":"2018-07-10T10:36:28","modified_gmt":"2018-07-10T13:36:28","slug":"saiba-quais-doencas-voltaram-a-ameacar-o-brasil","status":"publish","type":"post","link":"https:\/\/www.caririemacao.com\/1\/2018\/07\/10\/saiba-quais-doencas-voltaram-a-ameacar-o-brasil\/","title":{"rendered":"Saiba quais doen\u00e7as voltaram a amea\u00e7ar o Brasil"},"content":{"rendered":"<p>Os primeiros sinais de queda nas coberturas vacinais em todo o pa\u00eds come\u00e7aram a aparecer ainda em 2016. De l\u00e1 para c\u00e1, doen\u00e7as j\u00e1 erradicadas voltaram a ser motivo de preocupa\u00e7\u00e3o entre autoridades sanit\u00e1rias e profissionais de sa\u00fade. Amazonas, Roraima, Rio Grande do Sul, Rond\u00f4nia e Rio de Janeiro s\u00e3o alguns dos estados que j\u00e1 confirmaram casos de sarampo este ano. Em 2016, o Brasil recebeu da Organiza\u00e7\u00e3o Pan-Americana de Sa\u00fade (Opas) o certificado de elimina\u00e7\u00e3o da circula\u00e7\u00e3o do v\u00edrus.<\/p>\n<p>Dados do Minist\u00e9rio da Sa\u00fade mostram que a aplica\u00e7\u00e3o de todas as vacinas do calend\u00e1rio adulto est\u00e1 abaixo da meta no Brasil \u2013 incluindo a dose que protege contra o sarampo. Entre as crian\u00e7as, a situa\u00e7\u00e3o n\u00e3o \u00e9 muito diferente \u2013 em 2017, apenas a BCG, que protege contra a tuberculose e \u00e9 aplicada ainda na maternidade, atingia a meta de 90% de imuniza\u00e7\u00e3o. Em 312 munic\u00edpios, menos de 50% das crian\u00e7as foram vacinadas contra a poliomielite. Apesar de erradicada no pa\u00eds desde 1990, a doen\u00e7a ainda \u00e9 end\u00eamica em tr\u00eas pa\u00edses \u2013 Nig\u00e9ria, Afeganist\u00e3o e Paquist\u00e3o.<\/p>\n<p>O grupo de doen\u00e7as pode voltar a circular no Brasil caso a cobertura vacinal, sobretudo entre crian\u00e7as, n\u00e3o aumente. O alerta \u00e9 da Sociedade Brasileira de Imuniza\u00e7\u00f5es (Sbim), que defende uma taxa de imuniza\u00e7\u00e3o de 95% do p\u00fablico-alvo. O pr\u00f3prio Minist\u00e9rio da Sa\u00fade, por meio de comunicado, destacou que as baixas coberturas vacinais identificadas em todo o pa\u00eds acendem o que chamou de \u201cluz vermelha\u201d.<\/p>\n<p>Confira as principais doen\u00e7as que ensaiam um retorno ao Brasil caso as taxas de vacina\u00e7\u00e3o n\u00e3o sejam ampliadas.<\/p>\n<div class=\"clearfix\"><strong>Sarampo<\/strong><\/div>\n<p>O sarampo \u00e9 uma doen\u00e7a infecciosa aguda, de natureza viral, grave, transmiss\u00edvel e extremamente contagiosa. Complica\u00e7\u00f5es infecciosas contribuem para a gravidade do quadro, particularmente em crian\u00e7as desnutridas e menores de um 1 ano de idade.<\/p>\n<p>Os sintomas incluem febre alta acima de 38,5\u00b0C; erup\u00e7\u00f5es na pele; tosse; coriza; conjuntivite; e manchas brancas que aparecem na mucosa bucal, conhecidas como sinais de Koplik e que antecedem de um a dois dias antes do aparecimento da erup\u00e7\u00e3o cut\u00e2nea.<\/p>\n<p>A transmiss\u00e3o do sarampo acontece de quatro a seis dias antes e at\u00e9 quatro dias ap\u00f3s o aparecimento do exantema (erup\u00e7\u00e3o cut\u00e2nea). O per\u00edodo de maior transmissibilidade ocorre dois dias antes e dois dias ap\u00f3s o in\u00edcio da erup\u00e7\u00e3o cut\u00e2nea.<\/p>\n<p><strong>Poliomielite<\/strong><\/p>\n<p>Causada por um v\u00edrus que vive no intestino, o poliov\u00edrus, a poliomielite geralmente atinge crian\u00e7as com menos de 4 anos de idade, mas tamb\u00e9m pode contaminar adultos.<\/p>\n<p>A maior parte das infec\u00e7\u00f5es apresenta poucos sintomas e h\u00e1 semelhan\u00e7as com as infec\u00e7\u00f5es respirat\u00f3rias como febre e dor de garganta, al\u00e9m das gastrointestinais, n\u00e1usea, v\u00f4mito e pris\u00e3o de ventre.<\/p>\n<p>Cerca de 1% dos infectados pelo v\u00edrus pode desenvolver a forma paral\u00edtica da doen\u00e7a, que pode causar sequelas permanentes, insufici\u00eancia respirat\u00f3ria e, em alguns casos, levar \u00e0 morte.<\/p>\n<p><strong>Rub\u00e9ola<\/strong><\/p>\n<p>A rub\u00e9ola \u00e9 uma doen\u00e7a aguda, de alta contagiosidade, transmitida pelo v\u00edrus do g\u00eanero Rubivirus. A doen\u00e7a tamb\u00e9m \u00e9 conhecida como sarampo alem\u00e3o.<\/p>\n<p>No campo das doen\u00e7as infectocontagiosas, a import\u00e2ncia epidemiol\u00f3gica da rub\u00e9ola est\u00e1 associada \u00e0 s\u00edndrome da rub\u00e9ola cong\u00eanita, que atinge o feto ou o rec\u00e9m-nascido cujas m\u00e3es se infectaram durante a gesta\u00e7\u00e3o. A infec\u00e7\u00e3o na gravidez acarreta in\u00fameras complica\u00e7\u00f5es para a m\u00e3e, como aborto e natimorto (feto expulso morto) e para os rec\u00e9m-nascidos, como surdez, malforma\u00e7\u00f5es card\u00edacas e les\u00f5es oculares.<\/p>\n<p>Os sintomas da rub\u00e9ola incluem febre baixa e incha\u00e7o dos n\u00f3dulos linf\u00e1ticos, acompanhados de exantema. A transmiss\u00e3o acontece de pessoa para pessoa, por meio das secre\u00e7\u00f5es expelidas pelo doente ao tossir, respirar, falar ou respirar.<\/p>\n<p><strong>Difteria<\/strong><\/p>\n<p>Doen\u00e7a transmiss\u00edvel aguda causada por bacilo que frequentemente se aloja nas am\u00edgdalas, na faringe, na laringe, no nariz e, ocasionalmente, em outras mucosas e na pele. A presen\u00e7a de placas branco-acinzentadas, aderentes, que se instalam nas am\u00edgdalas e invadem estruturas vizinhas \u00e9 a manifesta\u00e7\u00e3o cl\u00ednica t\u00edpica da difteria.<\/p>\n<p>A transmiss\u00e3o acontece ao falar, tossir, espirrar ou por les\u00f5es na pele. Portanto, pelo contato direto com a pessoa doente. O per\u00edodo de incuba\u00e7\u00e3o da difteria \u00e9, em geral, de um a seis dias, podendo ser mais longo. J\u00e1 o per\u00edodo de transmissibilidade dura, em m\u00e9dia, at\u00e9 duas semanas ap\u00f3s o in\u00edcio dos sintomas.<\/p>\n<p><strong>CARIRI EM A\u00c7\u00c3O<\/strong><\/p>\n<p>Com G1 \/Foto: Reprodu\u00e7\u00e3o Internet, Divulga\u00e7\u00e3o<\/p>\n<p>Leia mais not\u00edcias em\u00a0<a href=\"http:\/\/www.caririemacao.com\/\">caririemacao.com<\/a>, siga nossa p\u00e1gina no\u00a0<a href=\"https:\/\/www.facebook.com\/CaririEmAcao\/?ref=aymt_homepage_panel\">Facebook<\/a>,\u00a0<a href=\"https:\/\/www.instagram.com\/cariri_em_acao\/?hl=pt-br\">Instagram<\/a>\u00a0e <a href=\"https:\/\/www.youtube.com\/channel\/UCAptA0jQuYQy8vMhLt2m4qg\">Youtube<\/a>\u00a0e veja nossas mat\u00e9rias, v\u00eddeos e fotos. Voc\u00ea tamb\u00e9m pode enviar informa\u00e7\u00f5es \u00e0 Reda\u00e7\u00e3o do Portal Cariri em A\u00e7\u00e3o pelo WhatsApp (83) 9 9634.5791, (83) 9 9601-1162.<\/p>\n","protected":false},"excerpt":{"rendered":"<p>Os primeiros sinais de queda nas coberturas vacinais em todo o pa\u00eds come\u00e7aram a aparecer ainda em 2016. De l\u00e1 para c\u00e1, doen\u00e7as j\u00e1 erradicadas&hellip; <\/p>\n","protected":false},"author":1,"featured_media":56777,"comment_status":"closed","ping_status":"closed","sticky":false,"template":"","format":"standard","meta":{"sfsi_plus_gutenberg_text_before_share":"","sfsi_plus_gutenberg_show_text_before_share":"","sfsi_plus_gutenberg_icon_type":"","sfsi_plus_gutenberg_icon_alignemt":"","sfsi_plus_gutenburg_max_per_row":"","footnotes":""},"categories":[2],"tags":[],"class_list":["post-56776","post","type-post","status-publish","format-standard","has-post-thumbnail","hentry","category-geral"],"_links":{"self":[{"href":"https:\/\/www.caririemacao.com\/1\/wp-json\/wp\/v2\/posts\/56776","targetHints":{"allow":["GET"]}}],"collection":[{"href":"https:\/\/www.caririemacao.com\/1\/wp-json\/wp\/v2\/posts"}],"about":[{"href":"https:\/\/www.caririemacao.com\/1\/wp-json\/wp\/v2\/types\/post"}],"author":[{"embeddable":true,"href":"https:\/\/www.caririemacao.com\/1\/wp-json\/wp\/v2\/users\/1"}],"replies":[{"embeddable":true,"href":"https:\/\/www.caririemacao.com\/1\/wp-json\/wp\/v2\/comments?post=56776"}],"version-history":[{"count":1,"href":"https:\/\/www.caririemacao.com\/1\/wp-json\/wp\/v2\/posts\/56776\/revisions"}],"predecessor-version":[{"id":56778,"href":"https:\/\/www.caririemacao.com\/1\/wp-json\/wp\/v2\/posts\/56776\/revisions\/56778"}],"wp:featuredmedia":[{"embeddable":true,"href":"https:\/\/www.caririemacao.com\/1\/wp-json\/wp\/v2\/media\/56777"}],"wp:attachment":[{"href":"https:\/\/www.caririemacao.com\/1\/wp-json\/wp\/v2\/media?parent=56776"}],"wp:term":[{"taxonomy":"category","embeddable":true,"href":"https:\/\/www.caririemacao.com\/1\/wp-json\/wp\/v2\/categories?post=56776"},{"taxonomy":"post_tag","embeddable":true,"href":"https:\/\/www.caririemacao.com\/1\/wp-json\/wp\/v2\/tags?post=56776"}],"curies":[{"name":"wp","href":"https:\/\/api.w.org\/{rel}","templated":true}]}}