{"id":56779,"date":"2018-07-10T11:08:03","date_gmt":"2018-07-10T14:08:03","guid":{"rendered":"http:\/\/caririemacao.com\/1\/?p=56779"},"modified":"2018-07-10T11:08:03","modified_gmt":"2018-07-10T14:08:03","slug":"paraiba-esta-entre-os-estados-que-compensaram-icms-menor-do-diesel-com-alta-na-gasolina","status":"publish","type":"post","link":"https:\/\/www.caririemacao.com\/1\/2018\/07\/10\/paraiba-esta-entre-os-estados-que-compensaram-icms-menor-do-diesel-com-alta-na-gasolina\/","title":{"rendered":"Para\u00edba est\u00e1 entre os estados que compensaram ICMS menor do diesel com alta na gasolina"},"content":{"rendered":"<p>Sobrou para o consumidor final de gasolina. O governo da Para\u00edba anunciou com alarde h\u00e1 um m\u00eas a revis\u00e3o para baixo dos patamares do\u00a0PMPF (pre\u00e7o m\u00e9dio ponderado final) do diesel. O resultado disso seria a redu\u00e7\u00e3o do pre\u00e7o m\u00e9dio do combust\u00edvel utilizado principalmente pelos profissionais de transporte de carga. A medida foi uma decorr\u00eancia da greve dos caminhoneiros. O problema \u00e9 que na contram\u00e3o da medida veio o aumento dos patamares do\u00a0PMPF observado pela Receita Estadual para a cobran\u00e7a do\u00a0ICMS (Imposto sobre Circula\u00e7\u00e3o de Mercadorias e Servi\u00e7os) sobre a gasolina. Resultado, as perdas de arrecada\u00e7\u00e3o com o diesel ser\u00e3o compensados pela arrecada\u00e7\u00e3o com a gasolina.<\/p>\n<p>A conta foi exposta em reportagem da Folha de S\u00e3o Paulo desta ter\u00e7a-feira (10). Ao todo, segundo a publica\u00e7\u00e3o,\u00a013 governos estaduais decidiram aumentar a taxa\u00e7\u00e3o da gasolina, por meio de eleva\u00e7\u00e3o no pre\u00e7o de refer\u00eancia sobre o qual incide o imposto.\u00a0Os estados dizem que as tabelas estavam congeladas e que, agora, acompanham os aumentos do pre\u00e7o da gasolina nas \u00faltimas semanas.\u00a0Para o setor de combust\u00edveis, por\u00e9m, os aumentos compensam a perda de receita com a queda de arrecada\u00e7\u00e3o com o diesel. A redu\u00e7\u00e3o no pre\u00e7o do combust\u00edvel foi parte das negocia\u00e7\u00f5es para p\u00f4r fim \u00e0 paralisa\u00e7\u00e3o dos caminhoneiros, no m\u00eas passado. O governo federal prometeu uma redu\u00e7\u00e3o de R$ 0,46, valor n\u00e3o alcan\u00e7ado na maioria dos estados.<\/p>\n<p>Na Para\u00edba, enquanto o pre\u00e7o m\u00e9dio ponderado final do diesel teve redu\u00e7\u00e3o de 5,87%, o da gasolina teve aumento de 8,66%. \u00c9 sobre estes valores que incidem a cobran\u00e7a do ICMS nos postos de combust\u00edveis. O PMPF \u00e9 definido a cada 15 dias, de acordo com pesquisa nos postos. Os valores foram informados ao\u00a0Confaz (Conselho Nacional de Pol\u00edtica Fazend\u00e1ria), que re\u00fane as secretarias de Fazenda de estados e DF. Al\u00e9m da Para\u00edba, compensaram a redu\u00e7\u00e3o do diesel com aumento na gasolina os estados de\u00a0Alagoas, Distrito Federal, Goi\u00e1s, Mato Grosso do Sul, Paran\u00e1, Rio de Janeiro (que reduziu a al\u00edquota), Rio Grande do Norte, Rond\u00f4nia, Roraima, Rio Grande do Sul, Sergipe e S\u00e3o Paulo.<\/p>\n<p><strong>CARIRI EM A\u00c7\u00c3O<\/strong><\/p>\n<p>Com Jornal da Para\u00edba\/Foto: Reprodu\u00e7\u00e3o Internet<\/p>\n<p>Leia mais not\u00edcias em\u00a0<a href=\"http:\/\/www.caririemacao.com\/\">caririemacao.com<\/a>, siga nossa p\u00e1gina no\u00a0<a href=\"https:\/\/www.facebook.com\/CaririEmAcao\/?ref=aymt_homepage_panel\">Facebook<\/a>,\u00a0<a href=\"https:\/\/www.instagram.com\/cariri_em_acao\/?hl=pt-br\">Instagram<\/a>\u00a0e <a href=\"https:\/\/www.youtube.com\/channel\/UCAptA0jQuYQy8vMhLt2m4qg\">Youtube<\/a>\u00a0e veja nossas mat\u00e9rias, v\u00eddeos e fotos. Voc\u00ea tamb\u00e9m pode enviar informa\u00e7\u00f5es \u00e0 Reda\u00e7\u00e3o do Portal Cariri em A\u00e7\u00e3o pelo WhatsApp (83) 9 9634.5791, (83) 9 9601-1162.<\/p>\n","protected":false},"excerpt":{"rendered":"<p>Sobrou para o consumidor final de gasolina. O governo da Para\u00edba anunciou com alarde h\u00e1 um m\u00eas a revis\u00e3o para baixo dos patamares do\u00a0PMPF (pre\u00e7o&hellip; <\/p>\n","protected":false},"author":1,"featured_media":28205,"comment_status":"closed","ping_status":"closed","sticky":false,"template":"","format":"standard","meta":{"sfsi_plus_gutenberg_text_before_share":"","sfsi_plus_gutenberg_show_text_before_share":"","sfsi_plus_gutenberg_icon_type":"","sfsi_plus_gutenberg_icon_alignemt":"","sfsi_plus_gutenburg_max_per_row":"","footnotes":""},"categories":[2],"tags":[],"class_list":["post-56779","post","type-post","status-publish","format-standard","has-post-thumbnail","hentry","category-geral"],"_links":{"self":[{"href":"https:\/\/www.caririemacao.com\/1\/wp-json\/wp\/v2\/posts\/56779","targetHints":{"allow":["GET"]}}],"collection":[{"href":"https:\/\/www.caririemacao.com\/1\/wp-json\/wp\/v2\/posts"}],"about":[{"href":"https:\/\/www.caririemacao.com\/1\/wp-json\/wp\/v2\/types\/post"}],"author":[{"embeddable":true,"href":"https:\/\/www.caririemacao.com\/1\/wp-json\/wp\/v2\/users\/1"}],"replies":[{"embeddable":true,"href":"https:\/\/www.caririemacao.com\/1\/wp-json\/wp\/v2\/comments?post=56779"}],"version-history":[{"count":1,"href":"https:\/\/www.caririemacao.com\/1\/wp-json\/wp\/v2\/posts\/56779\/revisions"}],"predecessor-version":[{"id":56787,"href":"https:\/\/www.caririemacao.com\/1\/wp-json\/wp\/v2\/posts\/56779\/revisions\/56787"}],"wp:featuredmedia":[{"embeddable":true,"href":"https:\/\/www.caririemacao.com\/1\/wp-json\/wp\/v2\/media\/28205"}],"wp:attachment":[{"href":"https:\/\/www.caririemacao.com\/1\/wp-json\/wp\/v2\/media?parent=56779"}],"wp:term":[{"taxonomy":"category","embeddable":true,"href":"https:\/\/www.caririemacao.com\/1\/wp-json\/wp\/v2\/categories?post=56779"},{"taxonomy":"post_tag","embeddable":true,"href":"https:\/\/www.caririemacao.com\/1\/wp-json\/wp\/v2\/tags?post=56779"}],"curies":[{"name":"wp","href":"https:\/\/api.w.org\/{rel}","templated":true}]}}