{"id":56788,"date":"2018-07-10T11:13:49","date_gmt":"2018-07-10T14:13:49","guid":{"rendered":"http:\/\/caririemacao.com\/1\/?p=56788"},"modified":"2018-07-10T11:13:49","modified_gmt":"2018-07-10T14:13:49","slug":"indicadores-de-confianca-na-economia-tem-queda-generalizada","status":"publish","type":"post","link":"https:\/\/www.caririemacao.com\/1\/2018\/07\/10\/indicadores-de-confianca-na-economia-tem-queda-generalizada\/","title":{"rendered":"Indicadores de confian\u00e7a na economia t\u00eam queda generalizada"},"content":{"rendered":"<p>Os seis indicadores de confian\u00e7a da Funda\u00e7\u00e3o Get\u00falio Vargas (FGV) tiveram queda acentuada e ratificam o cen\u00e1rio de estragos causados pelo caos de Pedro Parente e sua pol\u00edtica de pre\u00e7os de combust\u00edveis, que levou o pa\u00eds a parar por mais de uma semana diante de uma greve de caminhoneiros. O mais grave neste momento, segundo relat\u00f3rio da FGV, \u00e9 que a confian\u00e7a evaporou em todos os n\u00edveis.<\/p>\n<p>\u201cOs \u00edndices ensaiaram uma melhora que parecia consistente entre o fim do ano passado e o come\u00e7o de 2018, mas voltaram a cair entre mar\u00e7o e abril, semeando d\u00favidas sobre a real extens\u00e3o da retomada econ\u00f4mica, que at\u00e9 ent\u00e3o se acreditava mais vigorosa.<\/p>\n<p>O quadro geral, diz Aloisio Campelo, superintendente de estat\u00edsticas do Instituto Brasileiro de Economia da FGV, indica um misto de desconforto com o presente e desconfian\u00e7a com rela\u00e7\u00e3o aos pr\u00f3ximos meses em setores que representam cerca de 70% do PIB (Produto Interno Bruto).\u201d<\/p>\n<p><strong>CARIRI EM A\u00c7\u00c3O<\/strong><\/p>\n<p>Com Brasil 247\/Foto: Reprodu\u00e7\u00e3o Intern<\/p>\n<p>Leia mais not\u00edcias em\u00a0<a href=\"http:\/\/www.caririemacao.com\/\">caririemacao.com<\/a>, siga nossa p\u00e1gina no\u00a0<a href=\"https:\/\/www.facebook.com\/CaririEmAcao\/?ref=aymt_homepage_panel\">Facebook<\/a>,\u00a0<a href=\"https:\/\/www.instagram.com\/cariri_em_acao\/?hl=pt-br\">Instagram<\/a>\u00a0e <a href=\"https:\/\/www.youtube.com\/channel\/UCAptA0jQuYQy8vMhLt2m4qg\">Youtube<\/a>\u00a0e veja nossas mat\u00e9rias, v\u00eddeos e fotos. Voc\u00ea tamb\u00e9m pode enviar informa\u00e7\u00f5es \u00e0 Reda\u00e7\u00e3o do Portal Cariri em A\u00e7\u00e3o pelo WhatsApp (83) 9 9634.5791, (83) 9 9601-1162.<\/p>\n","protected":false},"excerpt":{"rendered":"<p>Os seis indicadores de confian\u00e7a da Funda\u00e7\u00e3o Get\u00falio Vargas (FGV) tiveram queda acentuada e ratificam o cen\u00e1rio de estragos causados pelo caos de Pedro Parente&hellip; <\/p>\n","protected":false},"author":1,"featured_media":28506,"comment_status":"closed","ping_status":"closed","sticky":false,"template":"","format":"standard","meta":{"sfsi_plus_gutenberg_text_before_share":"","sfsi_plus_gutenberg_show_text_before_share":"","sfsi_plus_gutenberg_icon_type":"","sfsi_plus_gutenberg_icon_alignemt":"","sfsi_plus_gutenburg_max_per_row":"","footnotes":""},"categories":[2],"tags":[],"class_list":["post-56788","post","type-post","status-publish","format-standard","has-post-thumbnail","hentry","category-geral"],"_links":{"self":[{"href":"https:\/\/www.caririemacao.com\/1\/wp-json\/wp\/v2\/posts\/56788","targetHints":{"allow":["GET"]}}],"collection":[{"href":"https:\/\/www.caririemacao.com\/1\/wp-json\/wp\/v2\/posts"}],"about":[{"href":"https:\/\/www.caririemacao.com\/1\/wp-json\/wp\/v2\/types\/post"}],"author":[{"embeddable":true,"href":"https:\/\/www.caririemacao.com\/1\/wp-json\/wp\/v2\/users\/1"}],"replies":[{"embeddable":true,"href":"https:\/\/www.caririemacao.com\/1\/wp-json\/wp\/v2\/comments?post=56788"}],"version-history":[{"count":1,"href":"https:\/\/www.caririemacao.com\/1\/wp-json\/wp\/v2\/posts\/56788\/revisions"}],"predecessor-version":[{"id":56789,"href":"https:\/\/www.caririemacao.com\/1\/wp-json\/wp\/v2\/posts\/56788\/revisions\/56789"}],"wp:featuredmedia":[{"embeddable":true,"href":"https:\/\/www.caririemacao.com\/1\/wp-json\/wp\/v2\/media\/28506"}],"wp:attachment":[{"href":"https:\/\/www.caririemacao.com\/1\/wp-json\/wp\/v2\/media?parent=56788"}],"wp:term":[{"taxonomy":"category","embeddable":true,"href":"https:\/\/www.caririemacao.com\/1\/wp-json\/wp\/v2\/categories?post=56788"},{"taxonomy":"post_tag","embeddable":true,"href":"https:\/\/www.caririemacao.com\/1\/wp-json\/wp\/v2\/tags?post=56788"}],"curies":[{"name":"wp","href":"https:\/\/api.w.org\/{rel}","templated":true}]}}