{"id":56790,"date":"2018-07-10T11:32:40","date_gmt":"2018-07-10T14:32:40","guid":{"rendered":"http:\/\/caririemacao.com\/1\/?p=56790"},"modified":"2018-07-10T11:32:40","modified_gmt":"2018-07-10T14:32:40","slug":"tratamento-de-autismo-com-cannabis-e-estudado-na-paraiba","status":"publish","type":"post","link":"https:\/\/www.caririemacao.com\/1\/2018\/07\/10\/tratamento-de-autismo-com-cannabis-e-estudado-na-paraiba\/","title":{"rendered":"Tratamento de autismo com Cannabis \u00e9 estudado na Para\u00edba"},"content":{"rendered":"<p>Fazer com que crian\u00e7as com autismo consigam ter melhor intera\u00e7\u00e3o social, menor agita\u00e7\u00e3o e agressividade e ainda reduzir movimentos repetitivos e estereotipados. Este \u00e9 o objeto de uma pesquisa para tese de doutorado de um psiquiatra que estuda na Universidade Federal da Para\u00edba (UFPB) usando o \u00f3leo de Cannabis (planta da qual \u00e9 produzida a maconha).<\/p>\n<p>O estudo vai utilizar material produzido pela Associa\u00e7\u00e3o Brasileira de Apoio Cannabis Esperan\u00e7a (Abrace Esperan\u00e7a). O doutorando Est\u00e1cio Amaro falou que o Canabidiol vem trazendo revolu\u00e7\u00f5es em algumas doen\u00e7as m\u00e9dicas.\u201cJ\u00e1 existem v\u00e1rios estudos mostrando como a Cannabis ajuda na intera\u00e7\u00e3o social das pessoas, que \u00e9 uma das maiores caracter\u00edsticas do autismo\u201d, explicou o psiquiatra.<\/p>\n<p>O estudo tamb\u00e9m pretende avaliar se h\u00e1 melhora na linguagem, atrav\u00e9s de uma equipe multidisciplinar, composta por psiquiatra infantil, neuropsic\u00f3loga e fonoaudi\u00f3loga. A professora Kate Albuquerque, orientadora do estudo, explicou que est\u00e1 ser\u00e1 uma pesquisa cl\u00ednica, a primeira aprovada pelo Conselho de \u00c9tica.<\/p>\n<p>\u201cAs pesquisas se dividem em dois tipos. Existem as n\u00e3o cl\u00ednicas, que s\u00e3o as feitas com animais em laborat\u00f3rios, e as cl\u00ednicas, que s\u00e3o as feitas com seres humanos. As pesquisas cl\u00ednicas se dividem em quatro fases, a nossa \u00e9 a de fase dois\u201d, acrescentou.<\/p>\n<p>Assim, o estudo se dar\u00e1 com as crian\u00e7as com autismo que n\u00e3o tiveram contato com cannabis ou que tenha ficado um tempo de no m\u00ednimo dois meses isentas desse produto para come\u00e7ar do zero, para que o metabolismo atue. Ser\u00e1\u00a0 um Ensaio cl\u00ednico randomizado duplo cego.<\/p>\n<p>\u201cElas ser\u00e3o divididas em dois grupos, um usar\u00e1 o placebo, que \u00e9 a glicerina vegetal, enquanto o outro grupo usar\u00e1 o extrato da planta,\u00a0 ou seja, um ter\u00e1 contato com apenas a base sem o Cannabis enquanto o outro usar\u00e1 o \u00f3leo de Cannabis\u201d, detalhou.<\/p>\n<p>Os pesquisadores n\u00e3o saber\u00e3o qual grupo recebeu o Cannabis e s\u00f3 ap\u00f3s um ano, com avalia\u00e7\u00f5es mensais, poder\u00e3o ter esta revela\u00e7\u00e3o. \u201cFaremos isso para que a gente n\u00e3o tenha aquele vi\u00e9s de dizer \u2018eu sei que a crian\u00e7a est\u00e1 melhorando e eu sei que \u00e9 por causa do \u00f3leo\u2019. A gente n\u00e3o tem como saber disso\u201d, falou a professora.<\/p>\n<p>O estudo ser\u00e1 realizado em Jo\u00e3o Pessoa e S\u00e3o Lu\u00eds, no Maranh\u00e3o, a partir de setembro com dura\u00e7\u00e3o de um ano. As crian\u00e7as poder\u00e3o ser inscritas pelos pais atrav\u00e9s de um site a ser lan\u00e7ado na pr\u00f3xima semana e ser\u00e1 feito um cadastro, que passar\u00e1 por uma an\u00e1lise.<\/p>\n<p>A professora garantiu que as crian\u00e7as estar\u00e3o participando com seguran\u00e7a, j\u00e1 que a sa\u00fade \u00e9 primordial. \u201cA gente vai enquadrar este estudo dentro de doses bem seguras, baseado em um estudo preliminar meu, eu tenho um estudo clinico de pacientes que eu j\u00e1 venho acompanhando e os efeitos colaterais que podem aparecer s\u00e3o considerados leves, como sono ou aumento de apetite\u201d.<\/p>\n<p>A seguran\u00e7a \u00e9 poss\u00edvel tamb\u00e9m porque, de acordo com Kate Albuquerque, os m\u00e9dicos que conhecem esta terapia com o Cannnabis est\u00e3o prescrevendo para os pacientes, est\u00e3o tendo retorno positivo, entretanto n\u00e3o \u00e9 um projeto de pesquisa, eles est\u00e3o tratando dentro do consult\u00f3rio.<\/p>\n<p>Segundo o diretor executivo da Abrace Esperan\u00e7a, Cassiano Teixeira, o \u00f3leo de Cannabis j\u00e1 \u00e9 disponibilizado pela associa\u00e7\u00e3o para tratamento de autismo. H\u00e1 tamb\u00e9m pessoas sendo tratadas em raz\u00e3o de epilepsia, Alzheimer, Parkinson, c\u00e2ncer, esclerose m\u00faltipla, fibromialgia, doen\u00e7as da pele, cicatriza\u00e7\u00e3o, entre outros.<\/p>\n<div class=\"static-content\">Em respeito \u00e0 Legisla\u00e7\u00e3o Eleitoral, o Portal Correio n\u00e3o publicar\u00e1 os coment\u00e1rios dos leitores. O espa\u00e7o para a intera\u00e7\u00e3o com o p\u00fablico voltar\u00e1 a ser aberto logo que as elei\u00e7\u00f5es de 2018 se encerrem.<\/div>\n<div class=\"td-a-rec td-a-rec-id-content_bottom  td_uid_1_5b44ad00d3432_rand td_block_template_1\">\n<div id=\"div-gpt-ad-1510753744454-4\" data-google-query-id=\"CJOX1rHdlNwCFRSpyAodEPkKfA\">\n<div id=\"google_ads_iframe_\/19487587\/PORTALCORREIO\/homepage_728x90_banner_bot_0__container__\">\n<p><strong>CARIRI EM A\u00c7\u00c3O<\/strong><\/p>\n<p>Com Jornal da Para\u00edba \/Foto: Reprodu\u00e7\u00e3o Internet<\/p>\n<p>Leia mais not\u00edcias em\u00a0<a href=\"http:\/\/www.caririemacao.com\/\">caririemacao.com<\/a>, siga nossa p\u00e1gina no\u00a0<a href=\"https:\/\/www.facebook.com\/CaririEmAcao\/?ref=aymt_homepage_panel\">Facebook<\/a>,\u00a0<a href=\"https:\/\/www.instagram.com\/cariri_em_acao\/?hl=pt-br\">Instagram<\/a>\u00a0e <a href=\"https:\/\/www.youtube.com\/channel\/UCAptA0jQuYQy8vMhLt2m4qg\">Youtube<\/a>\u00a0e veja nossas mat\u00e9rias, v\u00eddeos e fotos. Voc\u00ea tamb\u00e9m pode enviar informa\u00e7\u00f5es \u00e0 Reda\u00e7\u00e3o do Portal Cariri em A\u00e7\u00e3o pelo WhatsApp (83) 9 9634.5791, (83) 9 9601-1162.<\/p>\n<\/div>\n<\/div>\n<\/div>\n","protected":false},"excerpt":{"rendered":"<p>Fazer com que crian\u00e7as com autismo consigam ter melhor intera\u00e7\u00e3o social, menor agita\u00e7\u00e3o e agressividade e ainda reduzir movimentos repetitivos e estereotipados. Este \u00e9 o&hellip; <\/p>\n","protected":false},"author":1,"featured_media":56791,"comment_status":"closed","ping_status":"closed","sticky":false,"template":"","format":"standard","meta":{"sfsi_plus_gutenberg_text_before_share":"","sfsi_plus_gutenberg_show_text_before_share":"","sfsi_plus_gutenberg_icon_type":"","sfsi_plus_gutenberg_icon_alignemt":"","sfsi_plus_gutenburg_max_per_row":"","footnotes":""},"categories":[2],"tags":[],"class_list":["post-56790","post","type-post","status-publish","format-standard","has-post-thumbnail","hentry","category-geral"],"_links":{"self":[{"href":"https:\/\/www.caririemacao.com\/1\/wp-json\/wp\/v2\/posts\/56790","targetHints":{"allow":["GET"]}}],"collection":[{"href":"https:\/\/www.caririemacao.com\/1\/wp-json\/wp\/v2\/posts"}],"about":[{"href":"https:\/\/www.caririemacao.com\/1\/wp-json\/wp\/v2\/types\/post"}],"author":[{"embeddable":true,"href":"https:\/\/www.caririemacao.com\/1\/wp-json\/wp\/v2\/users\/1"}],"replies":[{"embeddable":true,"href":"https:\/\/www.caririemacao.com\/1\/wp-json\/wp\/v2\/comments?post=56790"}],"version-history":[{"count":1,"href":"https:\/\/www.caririemacao.com\/1\/wp-json\/wp\/v2\/posts\/56790\/revisions"}],"predecessor-version":[{"id":56792,"href":"https:\/\/www.caririemacao.com\/1\/wp-json\/wp\/v2\/posts\/56790\/revisions\/56792"}],"wp:featuredmedia":[{"embeddable":true,"href":"https:\/\/www.caririemacao.com\/1\/wp-json\/wp\/v2\/media\/56791"}],"wp:attachment":[{"href":"https:\/\/www.caririemacao.com\/1\/wp-json\/wp\/v2\/media?parent=56790"}],"wp:term":[{"taxonomy":"category","embeddable":true,"href":"https:\/\/www.caririemacao.com\/1\/wp-json\/wp\/v2\/categories?post=56790"},{"taxonomy":"post_tag","embeddable":true,"href":"https:\/\/www.caririemacao.com\/1\/wp-json\/wp\/v2\/tags?post=56790"}],"curies":[{"name":"wp","href":"https:\/\/api.w.org\/{rel}","templated":true}]}}