{"id":56793,"date":"2018-07-10T11:36:30","date_gmt":"2018-07-10T14:36:30","guid":{"rendered":"http:\/\/caririemacao.com\/1\/?p=56793"},"modified":"2018-07-10T11:36:30","modified_gmt":"2018-07-10T14:36:30","slug":"dois-homens-sao-executados-com-tiros-e-facadas-no-sertao","status":"publish","type":"post","link":"https:\/\/www.caririemacao.com\/1\/2018\/07\/10\/dois-homens-sao-executados-com-tiros-e-facadas-no-sertao\/","title":{"rendered":"Dois homens s\u00e3o executados com tiros e facadas no Sert\u00e3o"},"content":{"rendered":"<p>Dois homens foram assassinados com tiros e facadas na noite dessa segunda-feira (9) em Concei\u00e7\u00e3o, Sert\u00e3o paraibano, a 482 km de Jo\u00e3o Pessoa. As v\u00edtimas s\u00e3o o comerciante Juciele Soares Ribeiro, de 36 anos, e o eletricista Manoel Ricardo de Oliveira, de 38 anos. Autoria e motiva\u00e7\u00f5es do crime ainda s\u00e3o desconhecidas.<\/p>\n<p>Segundo a Pol\u00edcia Militar, as v\u00edtimas estavam na cal\u00e7ada da casa de Manoel, consumindo bebidas alco\u00f3licas e acompanhadas por duas mulheres, quando homens armados se aproximaram e dispararam v\u00e1rios tiros. Conforme a pol\u00edcia, ap\u00f3s serem baleados, Juciele e Manoel ainda foram atingidos com facadas.<\/p>\n<p>Uma das mulheres que acompanhavam as v\u00edtimas chegou a ser ferida com um tiro na m\u00e3o. Ela foi socorrida para o hospital municipal e j\u00e1 recebeu alta, segundo a PM.<\/p>\n<p>A Pol\u00edcia Civil foi acionada para investigar o caso.<\/p>\n<div class=\"static-content\">Em respeito \u00e0 Legisla\u00e7\u00e3o Eleitoral, o Portal Correio n\u00e3o publicar\u00e1 os coment\u00e1rios dos leitores. O espa\u00e7o para a intera\u00e7\u00e3o com o p\u00fablico voltar\u00e1 a ser aberto logo que as elei\u00e7\u00f5es de 2018 se encerrem.<\/div>\n<div>\n<p><strong>CARIRI EM A\u00c7\u00c3O<\/strong><\/p>\n<p>Com Portal Correio<\/p>\n<p>Leia mais not\u00edcias em\u00a0<a href=\"http:\/\/www.caririemacao.com\/\">caririemacao.com<\/a>, siga nossa p\u00e1gina no\u00a0<a href=\"https:\/\/www.facebook.com\/CaririEmAcao\/?ref=aymt_homepage_panel\">Facebook<\/a>,\u00a0<a href=\"https:\/\/www.instagram.com\/cariri_em_acao\/?hl=pt-br\">Instagram<\/a>\u00a0e <a href=\"https:\/\/www.youtube.com\/channel\/UCAptA0jQuYQy8vMhLt2m4qg\">Youtube<\/a>\u00a0e veja nossas mat\u00e9rias, v\u00eddeos e fotos. Voc\u00ea tamb\u00e9m pode enviar informa\u00e7\u00f5es \u00e0 Reda\u00e7\u00e3o do Portal Cariri em A\u00e7\u00e3o pelo WhatsApp (83) 9 9634.5791, (83) 9 9601-1162.<\/p>\n<\/div>\n<div class=\"td-a-rec td-a-rec-id-content_bottom  td_uid_1_5b44a2e4d7b3e_rand td_block_template_1\">\n<div id=\"div-gpt-ad-1510753744454-4\" data-google-query-id=\"CKbIipPglNwCFVMEDAodKCUDrw\">\n<div id=\"google_ads_iframe_\/19487587\/PORTALCORREIO\/homepage_728x90_banner_bot_0__container__\"><\/div>\n<\/div>\n<\/div>\n","protected":false},"excerpt":{"rendered":"<p>Dois homens foram assassinados com tiros e facadas na noite dessa segunda-feira (9) em Concei\u00e7\u00e3o, Sert\u00e3o paraibano, a 482 km de Jo\u00e3o Pessoa. As v\u00edtimas&hellip; <\/p>\n","protected":false},"author":1,"featured_media":3599,"comment_status":"closed","ping_status":"closed","sticky":false,"template":"","format":"standard","meta":{"sfsi_plus_gutenberg_text_before_share":"","sfsi_plus_gutenberg_show_text_before_share":"","sfsi_plus_gutenberg_icon_type":"","sfsi_plus_gutenberg_icon_alignemt":"","sfsi_plus_gutenburg_max_per_row":"","footnotes":""},"categories":[12],"tags":[],"class_list":["post-56793","post","type-post","status-publish","format-standard","has-post-thumbnail","hentry","category-policia"],"_links":{"self":[{"href":"https:\/\/www.caririemacao.com\/1\/wp-json\/wp\/v2\/posts\/56793","targetHints":{"allow":["GET"]}}],"collection":[{"href":"https:\/\/www.caririemacao.com\/1\/wp-json\/wp\/v2\/posts"}],"about":[{"href":"https:\/\/www.caririemacao.com\/1\/wp-json\/wp\/v2\/types\/post"}],"author":[{"embeddable":true,"href":"https:\/\/www.caririemacao.com\/1\/wp-json\/wp\/v2\/users\/1"}],"replies":[{"embeddable":true,"href":"https:\/\/www.caririemacao.com\/1\/wp-json\/wp\/v2\/comments?post=56793"}],"version-history":[{"count":1,"href":"https:\/\/www.caririemacao.com\/1\/wp-json\/wp\/v2\/posts\/56793\/revisions"}],"predecessor-version":[{"id":56794,"href":"https:\/\/www.caririemacao.com\/1\/wp-json\/wp\/v2\/posts\/56793\/revisions\/56794"}],"wp:featuredmedia":[{"embeddable":true,"href":"https:\/\/www.caririemacao.com\/1\/wp-json\/wp\/v2\/media\/3599"}],"wp:attachment":[{"href":"https:\/\/www.caririemacao.com\/1\/wp-json\/wp\/v2\/media?parent=56793"}],"wp:term":[{"taxonomy":"category","embeddable":true,"href":"https:\/\/www.caririemacao.com\/1\/wp-json\/wp\/v2\/categories?post=56793"},{"taxonomy":"post_tag","embeddable":true,"href":"https:\/\/www.caririemacao.com\/1\/wp-json\/wp\/v2\/tags?post=56793"}],"curies":[{"name":"wp","href":"https:\/\/api.w.org\/{rel}","templated":true}]}}