{"id":56795,"date":"2018-07-10T11:49:53","date_gmt":"2018-07-10T14:49:53","guid":{"rendered":"http:\/\/caririemacao.com\/1\/?p=56795"},"modified":"2018-07-10T11:49:53","modified_gmt":"2018-07-10T14:49:53","slug":"duelo-entre-franca-e-belgica-vai-decidir-primeiro-finalista-da-copa","status":"publish","type":"post","link":"https:\/\/www.caririemacao.com\/1\/2018\/07\/10\/duelo-entre-franca-e-belgica-vai-decidir-primeiro-finalista-da-copa\/","title":{"rendered":"Duelo entre Fran\u00e7a e B\u00e9lgica vai decidir primeiro finalista da Copa"},"content":{"rendered":"<p><span class=\"news_capital_letter\">A<\/span>s semifinais da Copa do Mundo come\u00e7am nesta ter\u00e7a-feira (10) com o duelo entre Fran\u00e7a e B\u00e9lgica, em um jogo ornado pelo talento dos craques De Bruyne, Hazard, Mbapp\u00e9 e Griezmann. A partida est\u00e1 marcada para \u00e0s 15h, em S\u00e3o Petersburgo.<\/p>\n<div class=\"pub-container inside-news\">\n<div class=\"pub-space\">A B\u00e9lgica entra em campo o ataque mais forte do Mundial na R\u00fassia. A sele\u00e7\u00e3o chegou \u00e0s semifinais com a segunda maior marca de gols da hist\u00f3ria das Copas. O pa\u00eds europeu marcou 14 gols, n\u00famero que s\u00f3 fica atr\u00e1s da sele\u00e7\u00e3o brasileira de 2002, que alcan\u00e7ou a etapa com 15 gols.<\/div>\n<\/div>\n<p>J\u00e1 a Fran\u00e7a conta com um sistema defensivo s\u00f3lido. Dos cinco jogos que fizeram neste Mundial, a sele\u00e7\u00e3o francesa saiu sem ser vazada em tr\u00eas.<\/p>\n<p>Confira as escala\u00e7\u00f5es prov\u00e1veis, segundo o Globo Esporte:<\/p>\n<p><span class=\"news_bold\">FRAN\u00c7A:<\/span><\/p>\n<p>Lloris, Pavard, Varane, Umtiti e Hernandez; Kant\u00e9, Pogba e Matuidi (Tolisso); Mbapp\u00e9, Griezmann e Giroud. T\u00e9cnico: Didier Deschamps<\/p>\n<p><span class=\"news_bold\">B\u00c9LGICA:<\/span><\/p>\n<p>Courtois, Vermaelen, Kompany e Alderweireld; Chadli, Witsel, Fellaini e Vertonghen; De Bruyne, Hazard e Lukaku. T\u00e9cnico: Roberto Mart\u00ednez<\/p>\n<p><strong>CARIRI EM A\u00c7\u00c3O<\/strong><\/p>\n<p>Com Noticias ao Minuto\/Foto: Reprodu\u00e7\u00e3o Internet<\/p>\n<p>Leia mais not\u00edcias em\u00a0<a href=\"http:\/\/www.caririemacao.com\/\">caririemacao.com<\/a>, siga nossa p\u00e1gina no\u00a0<a href=\"https:\/\/www.facebook.com\/CaririEmAcao\/?ref=aymt_homepage_panel\">Facebook<\/a>,\u00a0<a href=\"https:\/\/www.instagram.com\/cariri_em_acao\/?hl=pt-br\">Instagram<\/a>\u00a0e <a href=\"https:\/\/www.youtube.com\/channel\/UCAptA0jQuYQy8vMhLt2m4qg\">Youtube<\/a>\u00a0e veja nossas mat\u00e9rias, v\u00eddeos e fotos. Voc\u00ea tamb\u00e9m pode enviar informa\u00e7\u00f5es \u00e0 Reda\u00e7\u00e3o do Portal Cariri em A\u00e7\u00e3o pelo WhatsApp (83) 9 9634.5791, (83) 9 9601-1162.<\/p>\n","protected":false},"excerpt":{"rendered":"<p>As semifinais da Copa do Mundo come\u00e7am nesta ter\u00e7a-feira (10) com o duelo entre Fran\u00e7a e B\u00e9lgica, em um jogo ornado pelo talento dos craques&hellip; <\/p>\n","protected":false},"author":1,"featured_media":56801,"comment_status":"closed","ping_status":"closed","sticky":false,"template":"","format":"standard","meta":{"sfsi_plus_gutenberg_text_before_share":"","sfsi_plus_gutenberg_show_text_before_share":"","sfsi_plus_gutenberg_icon_type":"","sfsi_plus_gutenberg_icon_alignemt":"","sfsi_plus_gutenburg_max_per_row":"","footnotes":""},"categories":[13],"tags":[],"class_list":["post-56795","post","type-post","status-publish","format-standard","has-post-thumbnail","hentry","category-esportes"],"_links":{"self":[{"href":"https:\/\/www.caririemacao.com\/1\/wp-json\/wp\/v2\/posts\/56795","targetHints":{"allow":["GET"]}}],"collection":[{"href":"https:\/\/www.caririemacao.com\/1\/wp-json\/wp\/v2\/posts"}],"about":[{"href":"https:\/\/www.caririemacao.com\/1\/wp-json\/wp\/v2\/types\/post"}],"author":[{"embeddable":true,"href":"https:\/\/www.caririemacao.com\/1\/wp-json\/wp\/v2\/users\/1"}],"replies":[{"embeddable":true,"href":"https:\/\/www.caririemacao.com\/1\/wp-json\/wp\/v2\/comments?post=56795"}],"version-history":[{"count":1,"href":"https:\/\/www.caririemacao.com\/1\/wp-json\/wp\/v2\/posts\/56795\/revisions"}],"predecessor-version":[{"id":56802,"href":"https:\/\/www.caririemacao.com\/1\/wp-json\/wp\/v2\/posts\/56795\/revisions\/56802"}],"wp:featuredmedia":[{"embeddable":true,"href":"https:\/\/www.caririemacao.com\/1\/wp-json\/wp\/v2\/media\/56801"}],"wp:attachment":[{"href":"https:\/\/www.caririemacao.com\/1\/wp-json\/wp\/v2\/media?parent=56795"}],"wp:term":[{"taxonomy":"category","embeddable":true,"href":"https:\/\/www.caririemacao.com\/1\/wp-json\/wp\/v2\/categories?post=56795"},{"taxonomy":"post_tag","embeddable":true,"href":"https:\/\/www.caririemacao.com\/1\/wp-json\/wp\/v2\/tags?post=56795"}],"curies":[{"name":"wp","href":"https:\/\/api.w.org\/{rel}","templated":true}]}}