{"id":56803,"date":"2018-07-10T11:59:49","date_gmt":"2018-07-10T14:59:49","guid":{"rendered":"http:\/\/caririemacao.com\/1\/?p=56803"},"modified":"2018-07-10T11:59:49","modified_gmt":"2018-07-10T14:59:49","slug":"cassio-para-ricardo-se-quisesse-me-enfrentar-teria-deixado-o-governo","status":"publish","type":"post","link":"https:\/\/www.caririemacao.com\/1\/2018\/07\/10\/cassio-para-ricardo-se-quisesse-me-enfrentar-teria-deixado-o-governo\/","title":{"rendered":"C\u00e1ssio para Ricardo: \u201cSe quisesse me enfrentar teria deixado o governo\u201d"},"content":{"rendered":"<p>Em entrevista nesta segunda-feira (09), o senador C\u00e1ssio Cunha Lima (PSDB) afirmou que n\u00e3o teme o governador Ricardo Coutinho (PSB), seu ex-aliado e agora advers\u00e1rio pol\u00edtico.<\/p>\n<p>Segundo o senador, se o objetivo do socialista fosse prejudic\u00e1-lo nas elei\u00e7\u00f5es de outubro, o mesmo teria deixado o governo para disputar o pleito e concorrer a vaga de senador.<\/p>\n<p>\u2013 Se ele quisesse me enfrentar, teria deixado o governo, mas n\u00e3o deixou. Ningu\u00e9m \u00e9 dono do voto dos outros \u2013 lembrou.As declara\u00e7\u00f5es repercutiram na R\u00e1dio Correio FM.<\/p>\n<p><strong>CARIRI EM A\u00c7\u00c3O<\/strong><\/p>\n<p>Com Paraibaonline\/Foto: Reprodu\u00e7\u00e3o Internet<\/p>\n<p>Leia mais not\u00edcias em\u00a0<a href=\"http:\/\/www.caririemacao.com\/\">caririemacao.com<\/a>, siga nossa p\u00e1gina no\u00a0<a href=\"https:\/\/www.facebook.com\/CaririEmAcao\/?ref=aymt_homepage_panel\">Facebook<\/a>,\u00a0<a href=\"https:\/\/www.instagram.com\/cariri_em_acao\/?hl=pt-br\">Instagram<\/a>\u00a0e <a href=\"https:\/\/www.youtube.com\/channel\/UCAptA0jQuYQy8vMhLt2m4qg\">Youtube<\/a>\u00a0e veja nossas mat\u00e9rias, v\u00eddeos e fotos. Voc\u00ea tamb\u00e9m pode enviar informa\u00e7\u00f5es \u00e0 Reda\u00e7\u00e3o do Portal Cariri em A\u00e7\u00e3o pelo WhatsApp (83) 9 9634.5791, (83) 9 9601-1162.<\/p>\n","protected":false},"excerpt":{"rendered":"<p>Em entrevista nesta segunda-feira (09), o senador C\u00e1ssio Cunha Lima (PSDB) afirmou que n\u00e3o teme o governador Ricardo Coutinho (PSB), seu ex-aliado e agora advers\u00e1rio&hellip; <\/p>\n","protected":false},"author":1,"featured_media":25575,"comment_status":"closed","ping_status":"closed","sticky":false,"template":"","format":"standard","meta":{"sfsi_plus_gutenberg_text_before_share":"","sfsi_plus_gutenberg_show_text_before_share":"","sfsi_plus_gutenberg_icon_type":"","sfsi_plus_gutenberg_icon_alignemt":"","sfsi_plus_gutenburg_max_per_row":"","footnotes":""},"categories":[1],"tags":[],"class_list":["post-56803","post","type-post","status-publish","format-standard","has-post-thumbnail","hentry","category-o-site"],"_links":{"self":[{"href":"https:\/\/www.caririemacao.com\/1\/wp-json\/wp\/v2\/posts\/56803","targetHints":{"allow":["GET"]}}],"collection":[{"href":"https:\/\/www.caririemacao.com\/1\/wp-json\/wp\/v2\/posts"}],"about":[{"href":"https:\/\/www.caririemacao.com\/1\/wp-json\/wp\/v2\/types\/post"}],"author":[{"embeddable":true,"href":"https:\/\/www.caririemacao.com\/1\/wp-json\/wp\/v2\/users\/1"}],"replies":[{"embeddable":true,"href":"https:\/\/www.caririemacao.com\/1\/wp-json\/wp\/v2\/comments?post=56803"}],"version-history":[{"count":1,"href":"https:\/\/www.caririemacao.com\/1\/wp-json\/wp\/v2\/posts\/56803\/revisions"}],"predecessor-version":[{"id":56804,"href":"https:\/\/www.caririemacao.com\/1\/wp-json\/wp\/v2\/posts\/56803\/revisions\/56804"}],"wp:featuredmedia":[{"embeddable":true,"href":"https:\/\/www.caririemacao.com\/1\/wp-json\/wp\/v2\/media\/25575"}],"wp:attachment":[{"href":"https:\/\/www.caririemacao.com\/1\/wp-json\/wp\/v2\/media?parent=56803"}],"wp:term":[{"taxonomy":"category","embeddable":true,"href":"https:\/\/www.caririemacao.com\/1\/wp-json\/wp\/v2\/categories?post=56803"},{"taxonomy":"post_tag","embeddable":true,"href":"https:\/\/www.caririemacao.com\/1\/wp-json\/wp\/v2\/tags?post=56803"}],"curies":[{"name":"wp","href":"https:\/\/api.w.org\/{rel}","templated":true}]}}