{"id":56816,"date":"2018-07-10T18:54:49","date_gmt":"2018-07-10T21:54:49","guid":{"rendered":"http:\/\/caririemacao.com\/1\/?p=56816"},"modified":"2018-07-10T18:54:49","modified_gmt":"2018-07-10T21:54:49","slug":"inseguranca-no-cariri-aposentado-e-assaltado-enquanto-caminhava-em-serra-branca","status":"publish","type":"post","link":"https:\/\/www.caririemacao.com\/1\/2018\/07\/10\/inseguranca-no-cariri-aposentado-e-assaltado-enquanto-caminhava-em-serra-branca\/","title":{"rendered":"Inseguran\u00e7a no Cariri: Aposentado \u00e9 assaltado enquanto caminhava em Serra Branca"},"content":{"rendered":"<p>m agricultor aposentado identificado como Jos\u00e9 Gomes de Sousa, mais conhecido como Deda, foi v\u00edtima de um assalto na manh\u00e3 desta ter\u00e7a-feira (10), no bairro do Pil\u00e3o, em Serra Branca, no Cariri paraibano.<\/p>\n<p>Conforme informa\u00e7\u00f5es, a v\u00edtima caminhava pelo bairro quando surpreendida por um homem em uma moto CG de cor preta, que supostamente estava com um arma por baixo da blusa, anunciou o assalto e levou uma quantia em dinheiro.<\/p>\n<p>O agricultor prestou queixa na Delegacia de Pol\u00edcia de Serra Branca e a pol\u00edcia realizou dilig\u00eancias para encontrar o acusado, mas sem \u00eaxito at\u00e9 o momento.<\/p>\n<p><strong>CARIRI EM A\u00c7\u00c3O<\/strong><\/p>\n<p>Com Vitrine do Cariri \/Foto: Reprodu\u00e7\u00e3o Internet<\/p>\n<p>Leia mais not\u00edcias em\u00a0<a href=\"http:\/\/www.caririemacao.com\/\">caririemacao.com<\/a>, siga nossa p\u00e1gina no\u00a0<a href=\"https:\/\/www.facebook.com\/CaririEmAcao\/?ref=aymt_homepage_panel\">Facebook<\/a>,\u00a0<a href=\"https:\/\/www.instagram.com\/cariri_em_acao\/?hl=pt-br\">Instagram<\/a>\u00a0e <a href=\"https:\/\/www.youtube.com\/channel\/UCAptA0jQuYQy8vMhLt2m4qg\">Youtube<\/a>\u00a0e veja nossas mat\u00e9rias, v\u00eddeos e fotos. Voc\u00ea tamb\u00e9m pode enviar informa\u00e7\u00f5es \u00e0 Reda\u00e7\u00e3o do Portal Cariri em A\u00e7\u00e3o pelo WhatsApp (83) 9 9634.5791, (83) 9 9601-1162.<\/p>\n","protected":false},"excerpt":{"rendered":"<p>m agricultor aposentado identificado como Jos\u00e9 Gomes de Sousa, mais conhecido como Deda, foi v\u00edtima de um assalto na manh\u00e3 desta ter\u00e7a-feira (10), no bairro&hellip; <\/p>\n","protected":false},"author":1,"featured_media":45420,"comment_status":"closed","ping_status":"closed","sticky":false,"template":"","format":"standard","meta":{"sfsi_plus_gutenberg_text_before_share":"","sfsi_plus_gutenberg_show_text_before_share":"","sfsi_plus_gutenberg_icon_type":"","sfsi_plus_gutenberg_icon_alignemt":"","sfsi_plus_gutenburg_max_per_row":"","footnotes":""},"categories":[12],"tags":[],"class_list":["post-56816","post","type-post","status-publish","format-standard","has-post-thumbnail","hentry","category-policia"],"_links":{"self":[{"href":"https:\/\/www.caririemacao.com\/1\/wp-json\/wp\/v2\/posts\/56816","targetHints":{"allow":["GET"]}}],"collection":[{"href":"https:\/\/www.caririemacao.com\/1\/wp-json\/wp\/v2\/posts"}],"about":[{"href":"https:\/\/www.caririemacao.com\/1\/wp-json\/wp\/v2\/types\/post"}],"author":[{"embeddable":true,"href":"https:\/\/www.caririemacao.com\/1\/wp-json\/wp\/v2\/users\/1"}],"replies":[{"embeddable":true,"href":"https:\/\/www.caririemacao.com\/1\/wp-json\/wp\/v2\/comments?post=56816"}],"version-history":[{"count":1,"href":"https:\/\/www.caririemacao.com\/1\/wp-json\/wp\/v2\/posts\/56816\/revisions"}],"predecessor-version":[{"id":56817,"href":"https:\/\/www.caririemacao.com\/1\/wp-json\/wp\/v2\/posts\/56816\/revisions\/56817"}],"wp:featuredmedia":[{"embeddable":true,"href":"https:\/\/www.caririemacao.com\/1\/wp-json\/wp\/v2\/media\/45420"}],"wp:attachment":[{"href":"https:\/\/www.caririemacao.com\/1\/wp-json\/wp\/v2\/media?parent=56816"}],"wp:term":[{"taxonomy":"category","embeddable":true,"href":"https:\/\/www.caririemacao.com\/1\/wp-json\/wp\/v2\/categories?post=56816"},{"taxonomy":"post_tag","embeddable":true,"href":"https:\/\/www.caririemacao.com\/1\/wp-json\/wp\/v2\/tags?post=56816"}],"curies":[{"name":"wp","href":"https:\/\/api.w.org\/{rel}","templated":true}]}}