{"id":56818,"date":"2018-07-10T18:57:44","date_gmt":"2018-07-10T21:57:44","guid":{"rendered":"http:\/\/caririemacao.com\/1\/?p=56818"},"modified":"2018-07-10T18:57:44","modified_gmt":"2018-07-10T21:57:44","slug":"homem-fica-inconsciente-apos-acidente-de-carro-na-br-412","status":"publish","type":"post","link":"https:\/\/www.caririemacao.com\/1\/2018\/07\/10\/homem-fica-inconsciente-apos-acidente-de-carro-na-br-412\/","title":{"rendered":"Homem fica inconsciente ap\u00f3s acidente de carro na BR-412"},"content":{"rendered":"<p>Uma pessoa ficou ferida em um acidente de carro na BR-412 nesta ter\u00e7a-feira, 10, no munic\u00edpio S\u00e3o Jo\u00e3o do Cariri, na regi\u00e3o do Cariri paraibano.<\/p>\n<p>Conforme informa\u00e7\u00f5es, o carro capotou as margens da rodovia. O SAMU foi acionada e prestou socorro a v\u00edtima, que encontrava-se inconsciente no momento do socorro.<\/p>\n<p>O ve\u00edculo tem placa de Recife, mas de acordo com informa\u00e7\u00f5es preliminares, o motorista \u00e9 da cidade de Soledade.<\/p>\n<p>Com a ajuda de moradores e motoristas que estavam por perto, a v\u00edtima aos poucos foi recuperando a mem\u00f3ria e tentando lembrar do que provocou o acidente. Seu estado de sa\u00fade \u00e9 regular.<\/p>\n<p><strong>CARIRI EM A\u00c7\u00c3O<\/strong><\/p>\n<p>Com Vitrine do Cariri\/Foto: Reprodu\u00e7\u00e3o Internet<\/p>\n<p>Leia mais not\u00edcias em\u00a0<a href=\"http:\/\/www.caririemacao.com\/\">caririemacao.com<\/a>, siga nossa p\u00e1gina no\u00a0<a href=\"https:\/\/www.facebook.com\/CaririEmAcao\/?ref=aymt_homepage_panel\">Facebook<\/a>,\u00a0<a href=\"https:\/\/www.instagram.com\/cariri_em_acao\/?hl=pt-br\">Instagram<\/a>\u00a0e <a href=\"https:\/\/www.youtube.com\/channel\/UCAptA0jQuYQy8vMhLt2m4qg\">Youtube<\/a>\u00a0e veja nossas mat\u00e9rias, v\u00eddeos e fotos. Voc\u00ea tamb\u00e9m pode enviar informa\u00e7\u00f5es \u00e0 Reda\u00e7\u00e3o do Portal Cariri em A\u00e7\u00e3o pelo WhatsApp (83) 9 9634.5791, (83) 9 9601-1162.<\/p>\n","protected":false},"excerpt":{"rendered":"<p>Uma pessoa ficou ferida em um acidente de carro na BR-412 nesta ter\u00e7a-feira, 10, no munic\u00edpio S\u00e3o Jo\u00e3o do Cariri, na regi\u00e3o do Cariri paraibano.&hellip; <\/p>\n","protected":false},"author":1,"featured_media":56819,"comment_status":"closed","ping_status":"closed","sticky":false,"template":"","format":"standard","meta":{"sfsi_plus_gutenberg_text_before_share":"","sfsi_plus_gutenberg_show_text_before_share":"","sfsi_plus_gutenberg_icon_type":"","sfsi_plus_gutenberg_icon_alignemt":"","sfsi_plus_gutenburg_max_per_row":"","footnotes":""},"categories":[12],"tags":[],"class_list":["post-56818","post","type-post","status-publish","format-standard","has-post-thumbnail","hentry","category-policia"],"_links":{"self":[{"href":"https:\/\/www.caririemacao.com\/1\/wp-json\/wp\/v2\/posts\/56818","targetHints":{"allow":["GET"]}}],"collection":[{"href":"https:\/\/www.caririemacao.com\/1\/wp-json\/wp\/v2\/posts"}],"about":[{"href":"https:\/\/www.caririemacao.com\/1\/wp-json\/wp\/v2\/types\/post"}],"author":[{"embeddable":true,"href":"https:\/\/www.caririemacao.com\/1\/wp-json\/wp\/v2\/users\/1"}],"replies":[{"embeddable":true,"href":"https:\/\/www.caririemacao.com\/1\/wp-json\/wp\/v2\/comments?post=56818"}],"version-history":[{"count":1,"href":"https:\/\/www.caririemacao.com\/1\/wp-json\/wp\/v2\/posts\/56818\/revisions"}],"predecessor-version":[{"id":56820,"href":"https:\/\/www.caririemacao.com\/1\/wp-json\/wp\/v2\/posts\/56818\/revisions\/56820"}],"wp:featuredmedia":[{"embeddable":true,"href":"https:\/\/www.caririemacao.com\/1\/wp-json\/wp\/v2\/media\/56819"}],"wp:attachment":[{"href":"https:\/\/www.caririemacao.com\/1\/wp-json\/wp\/v2\/media?parent=56818"}],"wp:term":[{"taxonomy":"category","embeddable":true,"href":"https:\/\/www.caririemacao.com\/1\/wp-json\/wp\/v2\/categories?post=56818"},{"taxonomy":"post_tag","embeddable":true,"href":"https:\/\/www.caririemacao.com\/1\/wp-json\/wp\/v2\/tags?post=56818"}],"curies":[{"name":"wp","href":"https:\/\/api.w.org\/{rel}","templated":true}]}}