{"id":56821,"date":"2018-07-10T19:03:27","date_gmt":"2018-07-10T22:03:27","guid":{"rendered":"http:\/\/caririemacao.com\/1\/?p=56821"},"modified":"2018-07-10T19:03:27","modified_gmt":"2018-07-10T22:03:27","slug":"ligia-nega-especulacoes-sobre-alianca-com-maranhao-fake-news","status":"publish","type":"post","link":"https:\/\/www.caririemacao.com\/1\/2018\/07\/10\/ligia-nega-especulacoes-sobre-alianca-com-maranhao-fake-news\/","title":{"rendered":"L\u00edgia nega especula\u00e7\u00f5es sobre alian\u00e7a com Maranh\u00e3o: &#8220;Fake News&#8221;"},"content":{"rendered":"<p>A vice-governadora da Para\u00edba.\u00a0L\u00edgia Feliciano (PDT),\u00a0 que na manh\u00e3 desta te\u00e7a-feira (10) esteve reunida com o reitor Rangel J\u00fanior, da Universidade Estadual da Para\u00edba, e auxiliares da institui\u00e7\u00e3o, desmentiu a informa\u00e7\u00e3o de que teria abandonado a pr\u00e9-candidatura ao Governo para disputar uma vaga ao Senado Federal na chapa do senador e tamb\u00e9m pr\u00e9-candidato ao Governo, Jos\u00e9 Maranh\u00e3o (MDB).<\/p>\n<p>De acordo com L\u00edgia, a not\u00edcia n\u00e3o passa de um boato.<\/p>\n<p>Ela afirmou que no per\u00edodo eleitoral se inventa muita coisa e que a informa\u00e7\u00e3o est\u00e1 equivocada: \u201c\u00e9 fake news\u201d.<\/p>\n<p>\u201cVou repetir isto nos quatro cantos da Para\u00edba, eu sou pr\u00e9-candidata a governadora e n\u00e3o vou recuar,\u201d afirmou L\u00edgia.<\/p>\n<p>Na manh\u00e3 de hoje, L\u00edgia, e o esposo, o deputado federal Dami\u00e3o, se reuniram com a administra\u00e7\u00e3o da UEPB para entender melhor a situa\u00e7\u00e3o de crise por que passa a institui\u00e7\u00e3o, nos \u00faltimos anos. Ela destacou que foi ao local como ouvinte, mas quer se inteirra antecipadamente dos problemas justamente para, caso assuma o Governo, consiga sanar as pend\u00e8ncias existentes.<\/p>\n<p><strong>CARIRI EM A\u00c7\u00c3O<\/strong><\/p>\n<p>Com PB Agora\/Foto: Reprodu\u00e7\u00e3o Internet<\/p>\n<p>Leia mais not\u00edcias em\u00a0<a href=\"http:\/\/www.caririemacao.com\/\">caririemacao.com<\/a>, siga nossa p\u00e1gina no\u00a0<a href=\"https:\/\/www.facebook.com\/CaririEmAcao\/?ref=aymt_homepage_panel\">Facebook<\/a>,\u00a0<a href=\"https:\/\/www.instagram.com\/cariri_em_acao\/?hl=pt-br\">Instagram<\/a>\u00a0e <a href=\"https:\/\/www.youtube.com\/channel\/UCAptA0jQuYQy8vMhLt2m4qg\">Youtube<\/a>\u00a0e veja nossas mat\u00e9rias, v\u00eddeos e fotos. Voc\u00ea tamb\u00e9m pode enviar informa\u00e7\u00f5es \u00e0 Reda\u00e7\u00e3o do Portal Cariri em A\u00e7\u00e3o pelo WhatsApp (83) 9 9634.5791, (83) 9 9601-1162.<\/p>\n","protected":false},"excerpt":{"rendered":"<p>A vice-governadora da Para\u00edba.\u00a0L\u00edgia Feliciano (PDT),\u00a0 que na manh\u00e3 desta te\u00e7a-feira (10) esteve reunida com o reitor Rangel J\u00fanior, da Universidade Estadual da Para\u00edba, e&hellip; <\/p>\n","protected":false},"author":1,"featured_media":14403,"comment_status":"closed","ping_status":"closed","sticky":false,"template":"","format":"standard","meta":{"sfsi_plus_gutenberg_text_before_share":"","sfsi_plus_gutenberg_show_text_before_share":"","sfsi_plus_gutenberg_icon_type":"","sfsi_plus_gutenberg_icon_alignemt":"","sfsi_plus_gutenburg_max_per_row":"","footnotes":""},"categories":[11],"tags":[],"class_list":["post-56821","post","type-post","status-publish","format-standard","has-post-thumbnail","hentry","category-politica"],"_links":{"self":[{"href":"https:\/\/www.caririemacao.com\/1\/wp-json\/wp\/v2\/posts\/56821","targetHints":{"allow":["GET"]}}],"collection":[{"href":"https:\/\/www.caririemacao.com\/1\/wp-json\/wp\/v2\/posts"}],"about":[{"href":"https:\/\/www.caririemacao.com\/1\/wp-json\/wp\/v2\/types\/post"}],"author":[{"embeddable":true,"href":"https:\/\/www.caririemacao.com\/1\/wp-json\/wp\/v2\/users\/1"}],"replies":[{"embeddable":true,"href":"https:\/\/www.caririemacao.com\/1\/wp-json\/wp\/v2\/comments?post=56821"}],"version-history":[{"count":1,"href":"https:\/\/www.caririemacao.com\/1\/wp-json\/wp\/v2\/posts\/56821\/revisions"}],"predecessor-version":[{"id":56822,"href":"https:\/\/www.caririemacao.com\/1\/wp-json\/wp\/v2\/posts\/56821\/revisions\/56822"}],"wp:featuredmedia":[{"embeddable":true,"href":"https:\/\/www.caririemacao.com\/1\/wp-json\/wp\/v2\/media\/14403"}],"wp:attachment":[{"href":"https:\/\/www.caririemacao.com\/1\/wp-json\/wp\/v2\/media?parent=56821"}],"wp:term":[{"taxonomy":"category","embeddable":true,"href":"https:\/\/www.caririemacao.com\/1\/wp-json\/wp\/v2\/categories?post=56821"},{"taxonomy":"post_tag","embeddable":true,"href":"https:\/\/www.caririemacao.com\/1\/wp-json\/wp\/v2\/tags?post=56821"}],"curies":[{"name":"wp","href":"https:\/\/api.w.org\/{rel}","templated":true}]}}