{"id":56823,"date":"2018-07-10T19:12:00","date_gmt":"2018-07-10T22:12:00","guid":{"rendered":"http:\/\/caririemacao.com\/1\/?p=56823"},"modified":"2018-07-10T19:12:00","modified_gmt":"2018-07-10T22:12:00","slug":"fora-da-disputa-raimundo-lira-garante-manutencao-da-uniao-psd-pv","status":"publish","type":"post","link":"https:\/\/www.caririemacao.com\/1\/2018\/07\/10\/fora-da-disputa-raimundo-lira-garante-manutencao-da-uniao-psd-pv\/","title":{"rendered":"Fora da disputa, Raimundo Lira garante manuten\u00e7\u00e3o da uni\u00e3o PSD-PV"},"content":{"rendered":"<p>O senador Raimundo Lira garantiu, nesta ter\u00e7a-feira (10), a perman\u00eancia do PSD no grupo que apoia a pr\u00e9-candidatura de Luc\u00e9lio Cartaxo (PV) ao Governo do Estado nas elei\u00e7\u00f5es de outubro.<\/p>\n<p>Em entrevista ao programa Arapuan Verdade, da Arapuan FM, ele atribuiu o apoio \u00e0 chapa oposicionista ao \u201cprest\u00edgio\u201d do prefeito de Campina Grande, Romero Rodrigues (PSDB).<\/p>\n<p>\u201cO PSD fica onde est\u00e1 por conta do prest\u00edgio do prefeito Romero Rodrigues. A nossa decis\u00e3o \u00e9 de ficar onde estamos hoje\u201d, afirmou.<\/p>\n<p>Ele recha\u00e7ou a segunda supl\u00eancia de senador para o PSD e disse que a sigla merece ao menos a 1\u00aa supl\u00eancia. \u201cEu acho que a escolha \u00e9 a primeira supl\u00eancia porque a 2\u00aa supl\u00eancia seria pouco para o partido\u201d, destacou.<\/p>\n<p>Questionado se poderia reconsiderar a decis\u00e3o de n\u00e3o disputar a elei\u00e7\u00e3o, Lira ressaltou que o posicionamento \u00e9 definitivo e revelou ter recebido convites para retornar \u00e0 disputa, mas preferiu n\u00e3o revelar os autores ou as propostas. \u201cEu n\u00e3o posso falar porque tenho que manter a conveni\u00eancia de quem falou\u201d, destacou.<\/p>\n<p>O senador garantiu ainda que s\u00f3 ap\u00f3s as conven\u00e7\u00f5es definir\u00e1 quais os candidatos que receber\u00e3o seu apoio.<\/p>\n<p><strong>CARIRI EM A\u00c7\u00c3O<\/strong><\/p>\n<p>Com Vitrine do Cariri\/Foto: Reprodu\u00e7\u00e3o Internet<\/p>\n<p>Leia mais not\u00edcias em\u00a0<a href=\"http:\/\/www.caririemacao.com\/\">caririemacao.com<\/a>, siga nossa p\u00e1gina no\u00a0<a href=\"https:\/\/www.facebook.com\/CaririEmAcao\/?ref=aymt_homepage_panel\">Facebook<\/a>,\u00a0<a href=\"https:\/\/www.instagram.com\/cariri_em_acao\/?hl=pt-br\">Instagram<\/a>\u00a0e\u00a0<a href=\"https:\/\/www.youtube.com\/channel\/UCAptA0jQuYQy8vMhLt2m4qg\">Youtube<\/a>\u00a0e veja nossas mat\u00e9rias, v\u00eddeos e fotos. Voc\u00ea tamb\u00e9m pode enviar informa\u00e7\u00f5es \u00e0 Reda\u00e7\u00e3o do Portal Cariri em A\u00e7\u00e3o pelo WhatsApp (83) 9 9634.5791, (83) 9 9601-1162.<\/p>\n","protected":false},"excerpt":{"rendered":"<p>O senador Raimundo Lira garantiu, nesta ter\u00e7a-feira (10), a perman\u00eancia do PSD no grupo que apoia a pr\u00e9-candidatura de Luc\u00e9lio Cartaxo (PV) ao Governo do&hellip; <\/p>\n","protected":false},"author":2,"featured_media":52466,"comment_status":"closed","ping_status":"closed","sticky":false,"template":"","format":"standard","meta":{"sfsi_plus_gutenberg_text_before_share":"","sfsi_plus_gutenberg_show_text_before_share":"","sfsi_plus_gutenberg_icon_type":"","sfsi_plus_gutenberg_icon_alignemt":"","sfsi_plus_gutenburg_max_per_row":"","footnotes":""},"categories":[11],"tags":[],"class_list":["post-56823","post","type-post","status-publish","format-standard","has-post-thumbnail","hentry","category-politica"],"_links":{"self":[{"href":"https:\/\/www.caririemacao.com\/1\/wp-json\/wp\/v2\/posts\/56823","targetHints":{"allow":["GET"]}}],"collection":[{"href":"https:\/\/www.caririemacao.com\/1\/wp-json\/wp\/v2\/posts"}],"about":[{"href":"https:\/\/www.caririemacao.com\/1\/wp-json\/wp\/v2\/types\/post"}],"author":[{"embeddable":true,"href":"https:\/\/www.caririemacao.com\/1\/wp-json\/wp\/v2\/users\/2"}],"replies":[{"embeddable":true,"href":"https:\/\/www.caririemacao.com\/1\/wp-json\/wp\/v2\/comments?post=56823"}],"version-history":[{"count":1,"href":"https:\/\/www.caririemacao.com\/1\/wp-json\/wp\/v2\/posts\/56823\/revisions"}],"predecessor-version":[{"id":56824,"href":"https:\/\/www.caririemacao.com\/1\/wp-json\/wp\/v2\/posts\/56823\/revisions\/56824"}],"wp:featuredmedia":[{"embeddable":true,"href":"https:\/\/www.caririemacao.com\/1\/wp-json\/wp\/v2\/media\/52466"}],"wp:attachment":[{"href":"https:\/\/www.caririemacao.com\/1\/wp-json\/wp\/v2\/media?parent=56823"}],"wp:term":[{"taxonomy":"category","embeddable":true,"href":"https:\/\/www.caririemacao.com\/1\/wp-json\/wp\/v2\/categories?post=56823"},{"taxonomy":"post_tag","embeddable":true,"href":"https:\/\/www.caririemacao.com\/1\/wp-json\/wp\/v2\/tags?post=56823"}],"curies":[{"name":"wp","href":"https:\/\/api.w.org\/{rel}","templated":true}]}}