{"id":56827,"date":"2018-07-10T19:17:51","date_gmt":"2018-07-10T22:17:51","guid":{"rendered":"http:\/\/caririemacao.com\/1\/?p=56827"},"modified":"2018-07-10T19:17:52","modified_gmt":"2018-07-10T22:17:52","slug":"stj-nega-habeas-corpus-e-mantem-lula-preso-o-que-voce-precisa-ler","status":"publish","type":"post","link":"https:\/\/www.caririemacao.com\/1\/2018\/07\/10\/stj-nega-habeas-corpus-e-mantem-lula-preso-o-que-voce-precisa-ler\/","title":{"rendered":"STJ nega habeas corpus e mant\u00e9m Lula preso; o que voc\u00ea precisa ler"},"content":{"rendered":"<p>A presidente do STJ (Superior Tribunal de Justi\u00e7a), ministra Laurita Vaz, decidiu nesta ter\u00e7a-feira (10) negar pedido de habeas corpus (liberdade) ao ex-presidente Luiz In\u00e1cio Lula da Silva (PT) e reafirmar a invalidade das decis\u00f5es do desembargador Rog\u00e9rio Favreto, do TRF-4 (Tribunal Regional Federal da 4\u00aa Regi\u00e3o) que, no domingo (8), concederam liberdade ao ex-presidente.<\/p>\n<p>O corregedor do CNJ (Conselho Nacional de Justi\u00e7a), ministro Jo\u00e3o Ot\u00e1vio de Noronha, determinou nesta ter\u00e7a-feira (10) a abertura de procedimento para apurar as condutas do juiz Sergio Moro e dos desembargadores Rog\u00e9rio Favreto e Jo\u00e3o Pedro Gebran Neto, ambos do TRF-4 (Tribunal Regional Federal da 4\u00aa Regi\u00e3o), na batalha jur\u00eddica sobre a liberta\u00e7\u00e3o do ex-presidente Luiz In\u00e1cio Lula da Silva (PT).<\/p>\n<p>O Supremo Tribunal Federal levou duas sess\u00f5es para decidir sobre o que pode decidir. Nessas sess\u00f5es, analisou o agravo de instrumento contra decis\u00e3o monocr\u00e1tica do ministro Edson Fachin, que negou seguimento a embargos infringentes opostos contra decis\u00e3o condenat\u00f3ria do ex-deputado Paulo Maluf, pelo crime de lavagem de dinheiro.<\/p>\n<p>A C\u00e2mara Municipal do Rio de Janeiro convocou para a pr\u00f3xima quinta-feira (12), \u00e0s 14h, uma sess\u00e3o extraordin\u00e1ria para analisar a admissibilidade de pedidos de impeachment contra o prefeito Marcelo Crivella (PRB) por suspeita de improbidade administrativa e crime de responsabilidade.<\/p>\n<p>A menos de seis meses para o fim de seu mandato, o presidente Michel Temer acelerou a libera\u00e7\u00e3o de verba do Or\u00e7amento indicada por parlamentares. Foram R$ 5,8 bilh\u00f5es pagos em emendas individuais at\u00e9 a primeira semana de julho, mais do que o total do ano passado inteiro (R$ 4,92 bilh\u00f5es) e praticamente o mesmo desembolsado em 2016 (R$ 5,92 bilh\u00f5es), quando ocorreram as elei\u00e7\u00f5es municipais. Os dados s\u00e3o da Consultoria de Or\u00e7amento da C\u00e2mara e est\u00e3o publicados na edi\u00e7\u00e3o desta ter\u00e7a-feira (10) do jornal O Estado de S. Paulo.<\/p>\n<p><strong>CARIRI EM A\u00c7\u00c3O<\/strong><\/p>\n<p>Com Uol\/Foto: Reprodu\u00e7\u00e3o Internet<\/p>\n<p>Leia mais not\u00edcias em\u00a0<a href=\"http:\/\/www.caririemacao.com\/\">caririemacao.com<\/a>, siga nossa p\u00e1gina no\u00a0<a href=\"https:\/\/www.facebook.com\/CaririEmAcao\/?ref=aymt_homepage_panel\">Facebook<\/a>,\u00a0<a href=\"https:\/\/www.instagram.com\/cariri_em_acao\/?hl=pt-br\">Instagram<\/a>\u00a0e <a href=\"https:\/\/www.youtube.com\/channel\/UCAptA0jQuYQy8vMhLt2m4qg\">Youtube<\/a>\u00a0e veja nossas mat\u00e9rias, v\u00eddeos e fotos. Voc\u00ea tamb\u00e9m pode enviar informa\u00e7\u00f5es \u00e0 Reda\u00e7\u00e3o do Portal Cariri em A\u00e7\u00e3o pelo WhatsApp (83) 9 9634.5791, (83) 9 9601-1162.<\/p>\n","protected":false},"excerpt":{"rendered":"<p>A presidente do STJ (Superior Tribunal de Justi\u00e7a), ministra Laurita Vaz, decidiu nesta ter\u00e7a-feira (10) negar pedido de habeas corpus (liberdade) ao ex-presidente Luiz In\u00e1cio&hellip; <\/p>\n","protected":false},"author":1,"featured_media":28397,"comment_status":"closed","ping_status":"closed","sticky":false,"template":"","format":"standard","meta":{"sfsi_plus_gutenberg_text_before_share":"","sfsi_plus_gutenberg_show_text_before_share":"","sfsi_plus_gutenberg_icon_type":"","sfsi_plus_gutenberg_icon_alignemt":"","sfsi_plus_gutenburg_max_per_row":"","footnotes":""},"categories":[2],"tags":[],"class_list":["post-56827","post","type-post","status-publish","format-standard","has-post-thumbnail","hentry","category-geral"],"_links":{"self":[{"href":"https:\/\/www.caririemacao.com\/1\/wp-json\/wp\/v2\/posts\/56827","targetHints":{"allow":["GET"]}}],"collection":[{"href":"https:\/\/www.caririemacao.com\/1\/wp-json\/wp\/v2\/posts"}],"about":[{"href":"https:\/\/www.caririemacao.com\/1\/wp-json\/wp\/v2\/types\/post"}],"author":[{"embeddable":true,"href":"https:\/\/www.caririemacao.com\/1\/wp-json\/wp\/v2\/users\/1"}],"replies":[{"embeddable":true,"href":"https:\/\/www.caririemacao.com\/1\/wp-json\/wp\/v2\/comments?post=56827"}],"version-history":[{"count":1,"href":"https:\/\/www.caririemacao.com\/1\/wp-json\/wp\/v2\/posts\/56827\/revisions"}],"predecessor-version":[{"id":56828,"href":"https:\/\/www.caririemacao.com\/1\/wp-json\/wp\/v2\/posts\/56827\/revisions\/56828"}],"wp:featuredmedia":[{"embeddable":true,"href":"https:\/\/www.caririemacao.com\/1\/wp-json\/wp\/v2\/media\/28397"}],"wp:attachment":[{"href":"https:\/\/www.caririemacao.com\/1\/wp-json\/wp\/v2\/media?parent=56827"}],"wp:term":[{"taxonomy":"category","embeddable":true,"href":"https:\/\/www.caririemacao.com\/1\/wp-json\/wp\/v2\/categories?post=56827"},{"taxonomy":"post_tag","embeddable":true,"href":"https:\/\/www.caririemacao.com\/1\/wp-json\/wp\/v2\/tags?post=56827"}],"curies":[{"name":"wp","href":"https:\/\/api.w.org\/{rel}","templated":true}]}}