{"id":56829,"date":"2018-07-10T19:22:13","date_gmt":"2018-07-10T22:22:13","guid":{"rendered":"http:\/\/caririemacao.com\/1\/?p=56829"},"modified":"2018-07-10T19:22:13","modified_gmt":"2018-07-10T22:22:13","slug":"franca-vence-belgica-derruba-algoz-do-brasil-e-ira-a-final-em-busca-do-bi","status":"publish","type":"post","link":"https:\/\/www.caririemacao.com\/1\/2018\/07\/10\/franca-vence-belgica-derruba-algoz-do-brasil-e-ira-a-final-em-busca-do-bi\/","title":{"rendered":"Fran\u00e7a vence B\u00e9lgica, derruba algoz do Brasil e ir\u00e1 \u00e0 final em busca do bi"},"content":{"rendered":"<p>Vinte anos depois de seu primeiro e \u00fanico t\u00edtulo, a Fran\u00e7a ter\u00e1 a oportunidade de buscar o bi da Copa do Mundo. Nesta ter\u00e7a-feira (10), a sele\u00e7\u00e3o francesa venceu a B\u00e9lgica por 1 a 0 com gol de Umtiti, na semi em S\u00e3o Petersburgo, e conquistou o direito de disputar a grande decis\u00e3o do torneio pela terceira vez em sua hist\u00f3ria.<\/p>\n<p>As primeiras foram em 1998, quando foi campe\u00e3 em casa contra o Brasil, e em 2006, quando perdeu para a It\u00e1lia nos p\u00eanaltis e ficou com o vice. Nas duas ocasi\u00f5es, a Fran\u00e7a contava com o artilheiro Thierry Henry, que atualmente trabalha como auxiliar da B\u00e9lgica.<\/p>\n<p>O advers\u00e1rio da final ser\u00e1 conhecido nesta quarta (11), \u00e0s 15h, no duelo entre Cro\u00e1cia e Inglaterra. A decis\u00e3o da Copa do Mundo de 2018 ocorrer\u00e1 em Moscou no dia 15 de julho, domingo, \u00e0s 12 horas. Um dia antes, no s\u00e1bado, \u00e0s 11h, a B\u00e9lgica e a sele\u00e7\u00e3o derrotada na outra semifinal se enfrentar\u00e3o na disputa pelo terceiro lugar.<\/p>\n<p>A queda dos belgas significa que, pela primeira vez desde 1990, a sele\u00e7\u00e3o que eliminou o Brasil n\u00e3o jogar\u00e1 a final. As equipes que conseguiram este feito foram a Argentina em 1990, Fran\u00e7a em 2006, Holanda em 2010, e Alemanha em 2014.<\/p>\n<p><strong>O melhor:\u00a0Mbapp\u00e9<\/strong><\/p>\n<p>A sele\u00e7\u00e3o francesa tem\u00a0Giroud\u00a0como centroavante, mas ele n\u00e3o era o alvo das infiltra\u00e7\u00f5es da equipe. Afinal, as arrancadas de\u00a0Mbapp\u00e9, que conquistaram o planeta nos \u00faltimos jogos da Fran\u00e7a, foram destaque mais uma vez. Ali\u00e1s, o jovem camisa 10 tentou partir em velocidade logo no primeiro minuto.<\/p>\n<p>Aos 10 do segundo tempo,\u00a0Mbapp\u00e9\u00a0mostrou brilhante vis\u00e3o de jogo ao girar o corpo e, ainda de costas para a meta, tocar de calcanhar para\u00a0Giroud. Mas o centroavante,\u00a0que ainda n\u00e3o fez gol nesta Copa, foi devidamente travado por\u00a0Courtois. D\u00e1 para dizer que o goleiro belga barrou a jogada que podia ser uma das mais bonitas do Mundial.<\/p>\n<p>O craque do Paris Saint-Germain ainda fez gra\u00e7a e provocou os advers\u00e1rios nos minutos finais, ao fazer firula antes de devolver a bola para a B\u00e9lgica cobrar um lateral em seu campo de defesa.<\/p>\n<p><strong>O pior: Fellaini<\/strong><\/p>\n<p>Segundo os dados divulgados pela Fifa, Fellaini tem 1.94m de altura. Certamente trata-se de um jogador alto, mas uma falha no tempo do salto o fez\u00a0parecer\u00a0pequeno na cobran\u00e7a de escanteio de Griezmann aos seis do segundo tempo, que foi completada com toque de cabe\u00e7a e gol de Umtiti. Uma falha decisiva em um time met\u00f3dico.<\/p>\n<p>A julgar pelas express\u00f5es faciais que fez, Fellaini\u00a0sabe da responsabilidade que teve. Ele tentou compensar aos 20 do segundo tempo, mas seu cabeceio para o gol apenas passou \u00e0 esquerda da meta defendida por Lloris.<\/p>\n<p><strong>Hazard\u00a0d\u00e1 dor de cabe\u00e7a<\/strong><\/p>\n<p>O lado direito da defesa da Fran\u00e7a teve trabalho com o camisa 10 advers\u00e1rio. Hazard esteve mais preso \u00e0 fun\u00e7\u00e3o de ponta, mas chamou Pavard e Pogba para a corrida, voltou a mostrar um controle de bola excepcional e quase marcou aos 18 do primeiro tempo, quando Varane colocou a cabe\u00e7a na frente de seu chute.<\/p>\n<p>Foi nos p\u00e9s dele que a B\u00e9lgica colocou press\u00e3o na reta final do segundo tempo, quando sua sele\u00e7\u00e3o j\u00e1 n\u00e3o via mais vantagem em qualquer tipo de cautela. N\u00e3o foi suficiente.<\/p>\n<p><strong>Lukaku n\u00e3o aparece<\/strong><\/p>\n<p>N\u00e3o \u00e9 segredo para ningu\u00e9m que Lukaku, goleador da B\u00e9lgica, n\u00e3o pode ter liberdade no ataque. Quando h\u00e1 combate 1 x 1, a tend\u00eancia \u00e9 de que o atacante leve vantagem com seu porte f\u00edsico e sua explos\u00e3o, mas ele esteve marcado e nada p\u00f4de fazer. Quando a bola finalmente chegou at\u00e9 ele em boas condi\u00e7\u00f5es, aos 46 do primeiro tempo, Lukaku n\u00e3o estava esperando e se assustou.<\/p>\n<p><strong>B\u00e9lgica pressiona, Fran\u00e7a espera por erros<\/strong><\/p>\n<p>Os primeiros 45 minutos tiveram press\u00e3o maior da B\u00e9lgica no ataque. Aos 15 do primeiro tempo, por exemplo, Lloris foi acuado e for\u00e7ado a dar um chut\u00e3o. Os belgas ganharam na dividida e a bola foi parar no p\u00e9 de Hazard, que chutou cruzado e tirou tinta da trave. Do outro lado, a sele\u00e7\u00e3o francesa parecia mais disposta a investir nos erros dos advers\u00e1rios.<\/p>\n<p>Foi em uma jogada de contra-ataque que Kant\u00e9 recuperou a bola e tocou para Griezmann, que rapidamente acionou Pogba. O camisa 6, com toda sua eleg\u00e2ncia, deu r\u00e1pidas e longas passadas antes de entregar um lan\u00e7amento rasteiro para Mbapp\u00e9, que quase chegou na bola antes de Courtois.<\/p>\n<p>Ciente de que precisava partir para o tudo ou nada depois do gol da Fran\u00e7a, a B\u00e9lgica investiu no ataque. Literalmente, j\u00e1 que o t\u00e9cnico Roberto Martinez trocou Chadli por Batshuayi nos \u00faltimos minutos. Mas a solidez francesa n\u00e3o foi vazada.<\/p>\n<p><strong>O cl\u00e1ssico Lloris x Courtois<\/strong><\/p>\n<figure class=\"photo photo-embed no-gutter col-sm-24 crop-750x421 limit-crop figure\" data-format=\"horizontal\"><figcaption class=\"container bottom-credit\"><\/figcaption><\/figure>\n<p>Os dois t\u00eam bastante em comum. S\u00e3o goleiros que atuam no Campeonato Ingl\u00eas, t\u00eam a confian\u00e7a dos torcedores e tiveram grande atua\u00e7\u00e3o nesta ter\u00e7a. No primeiro tempo, enquanto Lloris impediu que a B\u00e9lgica marcasse com um giro de Alderweireld aos 21, Courtois segurou uma bomba de Matuidi aos 17 e usou o p\u00e9 para desviar a finaliza\u00e7\u00e3o de Pavard aos 39. Na etapa final, aos 49, o goleiro belga impediu o segundo gol da Fran\u00e7a no chute de Tolisso.<\/p>\n<p><strong>Henry ouviu o hino franc\u00eas do outro lado<\/strong><\/p>\n<p>\u00cddolo da sele\u00e7\u00e3o francesa e campe\u00e3o do mundo em 1998, Thierry Henry deve ter estranhado a sensa\u00e7\u00e3o de ouvir como advers\u00e1rio o hino de seu pa\u00eds, a Marselhesa. Segundo o t\u00e9cnico Roberto Martinez, ele deu \u00e0 B\u00e9lgica a experi\u00eancia e a mentalidade de um vencedor. Menos contra a sele\u00e7\u00e3o que o colocou na hist\u00f3ria.<\/p>\n<p><strong>Hist\u00f3rico jogava a favor da Fran\u00e7a<\/strong><\/p>\n<p>Antes desta ter\u00e7a-feira, as duas sele\u00e7\u00f5es tinham se enfrentado duas vezes em Copas do Mundo. A Fran\u00e7a venceu as duas, mas ambas ocorreram muito antes do surgimento da atual gera\u00e7\u00e3o belga: em 1938 e 1986. Para efeitos de compara\u00e7\u00e3o, De Bruyne e Hazard nasceram em 1991. Lukaku, o artilheiro, \u00e9 de 1993.<\/p>\n<p><strong>Lloris iguala o professor<\/strong><\/p>\n<p>Capit\u00e3o da Fran\u00e7a no t\u00edtulo de 1998, o t\u00e9cnico Didier Deschamps foi igualado pelo goleiro (tamb\u00e9m capit\u00e3o) Hugo Lloris. A partir desta ter\u00e7a, cada um dos dois tem 103 partidas com a camisa azul. \u00c0 frente dos dois, est\u00e3o Vieira, com 107, Zidane, com 108, Desailly, com 116, Henry, com 123, e Thuram, com 142.<\/p>\n<p><strong>Rivalidade de fronteira<\/strong><\/p>\n<p>Fran\u00e7a e B\u00e9lgica s\u00e3o pa\u00edses que dividem fronteira e povos que t\u00eam muito em comum. N\u00e3o \u00e9 por acaso que Hazard, craque da B\u00e9lgica, passou a inf\u00e2ncia se inspirando em \u00eddolos do futebol franc\u00eas, como Zidane. \u201cPintado\u201d por camisas azuis e vermelhas, o est\u00e1dio teve um duelo particular entre torcedores das duas nacionalidades.<\/p>\n","protected":false},"excerpt":{"rendered":"<p>Vinte anos depois de seu primeiro e \u00fanico t\u00edtulo, a Fran\u00e7a ter\u00e1 a oportunidade de buscar o bi da Copa do Mundo. Nesta ter\u00e7a-feira (10),&hellip; <\/p>\n","protected":false},"author":1,"featured_media":56832,"comment_status":"closed","ping_status":"closed","sticky":false,"template":"","format":"standard","meta":{"sfsi_plus_gutenberg_text_before_share":"","sfsi_plus_gutenberg_show_text_before_share":"","sfsi_plus_gutenberg_icon_type":"","sfsi_plus_gutenberg_icon_alignemt":"","sfsi_plus_gutenburg_max_per_row":"","footnotes":""},"categories":[13],"tags":[],"class_list":["post-56829","post","type-post","status-publish","format-standard","has-post-thumbnail","hentry","category-esportes"],"_links":{"self":[{"href":"https:\/\/www.caririemacao.com\/1\/wp-json\/wp\/v2\/posts\/56829","targetHints":{"allow":["GET"]}}],"collection":[{"href":"https:\/\/www.caririemacao.com\/1\/wp-json\/wp\/v2\/posts"}],"about":[{"href":"https:\/\/www.caririemacao.com\/1\/wp-json\/wp\/v2\/types\/post"}],"author":[{"embeddable":true,"href":"https:\/\/www.caririemacao.com\/1\/wp-json\/wp\/v2\/users\/1"}],"replies":[{"embeddable":true,"href":"https:\/\/www.caririemacao.com\/1\/wp-json\/wp\/v2\/comments?post=56829"}],"version-history":[{"count":1,"href":"https:\/\/www.caririemacao.com\/1\/wp-json\/wp\/v2\/posts\/56829\/revisions"}],"predecessor-version":[{"id":56833,"href":"https:\/\/www.caririemacao.com\/1\/wp-json\/wp\/v2\/posts\/56829\/revisions\/56833"}],"wp:featuredmedia":[{"embeddable":true,"href":"https:\/\/www.caririemacao.com\/1\/wp-json\/wp\/v2\/media\/56832"}],"wp:attachment":[{"href":"https:\/\/www.caririemacao.com\/1\/wp-json\/wp\/v2\/media?parent=56829"}],"wp:term":[{"taxonomy":"category","embeddable":true,"href":"https:\/\/www.caririemacao.com\/1\/wp-json\/wp\/v2\/categories?post=56829"},{"taxonomy":"post_tag","embeddable":true,"href":"https:\/\/www.caririemacao.com\/1\/wp-json\/wp\/v2\/tags?post=56829"}],"curies":[{"name":"wp","href":"https:\/\/api.w.org\/{rel}","templated":true}]}}