{"id":56830,"date":"2018-07-10T19:22:56","date_gmt":"2018-07-10T22:22:56","guid":{"rendered":"http:\/\/caririemacao.com\/1\/?p=56830"},"modified":"2018-07-10T19:22:56","modified_gmt":"2018-07-10T22:22:56","slug":"secretaria-de-saude-realiza-mutirao-de-ultrassonografia-obstetrica","status":"publish","type":"post","link":"https:\/\/www.caririemacao.com\/1\/2018\/07\/10\/secretaria-de-saude-realiza-mutirao-de-ultrassonografia-obstetrica\/","title":{"rendered":"Secretaria de Sa\u00fade realiza mutir\u00e3o de ultrassonografia obst\u00e9trica"},"content":{"rendered":"<p>A Prefeitura de Sum\u00e9 atrav\u00e9s da Secretaria de Sa\u00fade, realizou no \u00faltimo s\u00e1bado (07\/06) um mutir\u00e3o de ultrassonografia obst\u00e9trica para 50 gestantes do munic\u00edpio.<\/p>\n<p>A realiza\u00e7\u00e3o da ultrassonografia durante a gravidez \u00e9 muito importante para a obten\u00e7\u00e3o de informa\u00e7\u00f5es sobre a sa\u00fade do beb\u00ea, al\u00e9m de fornecer as informa\u00e7\u00f5es\u00a0necess\u00e1rias para o acompanhamento seguro da gesta\u00e7\u00e3o.<\/p>\n<p>O objetivo da Secretaria de Sa\u00fade foi diminuir a demanda e oferecer um atendimento mais humanizado a todos os usu\u00e1rios do Sistema \u00danico de Sa\u00fade.<\/p>\n<p>De acordo com a secret\u00e1ria de Sa\u00fade, Alessandra Regina, a inten\u00e7\u00e3o \u00e9 zerar a fila das gestantes que esperam pela ultrassonografia e afirmou que a pasta estar\u00e1 levantando a demanda para realizar outras a\u00e7\u00f5es visando atender um n\u00famero ainda maior de gestantes e demais populares que necessitam de servi\u00e7os.<\/p>\n<p><strong>CARIRI EM A\u00c7\u00c3O<\/strong><\/p>\n<p>Com Ascom\/Foto: Ascom<\/p>\n<p>Leia mais not\u00edcias em\u00a0<a href=\"http:\/\/www.caririemacao.com\/\">caririemacao.com<\/a>, siga nossa p\u00e1gina no\u00a0<a href=\"https:\/\/www.facebook.com\/CaririEmAcao\/?ref=aymt_homepage_panel\">Facebook<\/a>,\u00a0<a href=\"https:\/\/www.instagram.com\/cariri_em_acao\/?hl=pt-br\">Instagram<\/a>\u00a0e\u00a0<a href=\"https:\/\/www.youtube.com\/channel\/UCAptA0jQuYQy8vMhLt2m4qg\">Youtube<\/a>\u00a0e veja nossas mat\u00e9rias, v\u00eddeos e fotos. Voc\u00ea tamb\u00e9m pode enviar informa\u00e7\u00f5es \u00e0 Reda\u00e7\u00e3o do Portal Cariri em A\u00e7\u00e3o pelo WhatsApp (83) 9 9634.5791, (83) 9 9601-1162.<\/p>\n","protected":false},"excerpt":{"rendered":"<p>A Prefeitura de Sum\u00e9 atrav\u00e9s da Secretaria de Sa\u00fade, realizou no \u00faltimo s\u00e1bado (07\/06) um mutir\u00e3o de ultrassonografia obst\u00e9trica para 50 gestantes do munic\u00edpio. A&hellip; <\/p>\n","protected":false},"author":2,"featured_media":56831,"comment_status":"closed","ping_status":"closed","sticky":false,"template":"","format":"standard","meta":{"sfsi_plus_gutenberg_text_before_share":"","sfsi_plus_gutenberg_show_text_before_share":"","sfsi_plus_gutenberg_icon_type":"","sfsi_plus_gutenberg_icon_alignemt":"","sfsi_plus_gutenburg_max_per_row":"","footnotes":""},"categories":[6],"tags":[],"class_list":["post-56830","post","type-post","status-publish","format-standard","has-post-thumbnail","hentry","category-cidades"],"_links":{"self":[{"href":"https:\/\/www.caririemacao.com\/1\/wp-json\/wp\/v2\/posts\/56830","targetHints":{"allow":["GET"]}}],"collection":[{"href":"https:\/\/www.caririemacao.com\/1\/wp-json\/wp\/v2\/posts"}],"about":[{"href":"https:\/\/www.caririemacao.com\/1\/wp-json\/wp\/v2\/types\/post"}],"author":[{"embeddable":true,"href":"https:\/\/www.caririemacao.com\/1\/wp-json\/wp\/v2\/users\/2"}],"replies":[{"embeddable":true,"href":"https:\/\/www.caririemacao.com\/1\/wp-json\/wp\/v2\/comments?post=56830"}],"version-history":[{"count":1,"href":"https:\/\/www.caririemacao.com\/1\/wp-json\/wp\/v2\/posts\/56830\/revisions"}],"predecessor-version":[{"id":56834,"href":"https:\/\/www.caririemacao.com\/1\/wp-json\/wp\/v2\/posts\/56830\/revisions\/56834"}],"wp:featuredmedia":[{"embeddable":true,"href":"https:\/\/www.caririemacao.com\/1\/wp-json\/wp\/v2\/media\/56831"}],"wp:attachment":[{"href":"https:\/\/www.caririemacao.com\/1\/wp-json\/wp\/v2\/media?parent=56830"}],"wp:term":[{"taxonomy":"category","embeddable":true,"href":"https:\/\/www.caririemacao.com\/1\/wp-json\/wp\/v2\/categories?post=56830"},{"taxonomy":"post_tag","embeddable":true,"href":"https:\/\/www.caririemacao.com\/1\/wp-json\/wp\/v2\/tags?post=56830"}],"curies":[{"name":"wp","href":"https:\/\/api.w.org\/{rel}","templated":true}]}}