{"id":56863,"date":"2018-07-11T00:03:15","date_gmt":"2018-07-11T03:03:15","guid":{"rendered":"http:\/\/caririemacao.com\/1\/?p=56863"},"modified":"2018-07-11T00:03:15","modified_gmt":"2018-07-11T03:03:15","slug":"forro-gente-boa-se-apresenta-na-europa","status":"publish","type":"post","link":"https:\/\/www.caririemacao.com\/1\/2018\/07\/11\/forro-gente-boa-se-apresenta-na-europa\/","title":{"rendered":"Forr\u00f3 Gente Boa se apresenta na Europa"},"content":{"rendered":"<p>A banda paraibana &#8220;Forr\u00f3 Gente Boa&#8221; esteve participando nos dias 06, 07 e 08 deste m\u00eas do tradicional S\u00e3o Jo\u00e3o de Genebra, Su\u00ed\u00e7a.\u00a0O evento \u00e9 realizado todos os anos em Genebra.<\/p>\n<p><img fetchpriority=\"high\" decoding=\"async\" class=\"alignnone size-full wp-image-56864\" src=\"http:\/\/caririemacao.com\/1\/wp-content\/uploads\/2018\/07\/33300755_2084594381629119_6677028837798182912_n.jpg\" alt=\"\" width=\"766\" height=\"960\" srcset=\"https:\/\/www.caririemacao.com\/1\/wp-content\/uploads\/2018\/07\/33300755_2084594381629119_6677028837798182912_n.jpg 766w, https:\/\/www.caririemacao.com\/1\/wp-content\/uploads\/2018\/07\/33300755_2084594381629119_6677028837798182912_n-239x300.jpg 239w\" sizes=\"(max-width: 766px) 100vw, 766px\" \/><\/p>\n<p>A banda tocou para milhares de su\u00ed\u00e7os e brasileiros que participaram de todos os dias do evento na Su\u00ed\u00e7a.<\/p>\n<p><img decoding=\"async\" class=\"alignnone size-full wp-image-56867 lazyload\" data-src=\"http:\/\/caririemacao.com\/1\/wp-content\/uploads\/2018\/07\/36893861_10154824113807395_845537197812613120_n.jpg\" alt=\"\" width=\"960\" height=\"654\" data-srcset=\"https:\/\/www.caririemacao.com\/1\/wp-content\/uploads\/2018\/07\/36893861_10154824113807395_845537197812613120_n.jpg 960w, https:\/\/www.caririemacao.com\/1\/wp-content\/uploads\/2018\/07\/36893861_10154824113807395_845537197812613120_n-300x204.jpg 300w, https:\/\/www.caririemacao.com\/1\/wp-content\/uploads\/2018\/07\/36893861_10154824113807395_845537197812613120_n-768x523.jpg 768w, https:\/\/www.caririemacao.com\/1\/wp-content\/uploads\/2018\/07\/36893861_10154824113807395_845537197812613120_n-130x90.jpg 130w\" data-sizes=\"(max-width: 960px) 100vw, 960px\" src=\"data:image\/svg+xml;base64,PHN2ZyB3aWR0aD0iMSIgaGVpZ2h0PSIxIiB4bWxucz0iaHR0cDovL3d3dy53My5vcmcvMjAwMC9zdmciPjwvc3ZnPg==\" style=\"--smush-placeholder-width: 960px; --smush-placeholder-aspect-ratio: 960\/654;\" \/><\/p>\n<p>Al\u00e9m de Gente Boa, tamb\u00e9m estiveram Su\u00ed\u00e7a mais dois artistas nordestinos, o pernambucano Mahatma Costa e a artista baiana Jana\u00edna Soares.<\/p>\n<p><img decoding=\"async\" class=\"alignnone size-full wp-image-56866 lazyload\" data-src=\"http:\/\/caririemacao.com\/1\/wp-content\/uploads\/2018\/07\/36903039_10154824115067395_372635477179629568_n.jpg\" alt=\"\" width=\"960\" height=\"703\" data-srcset=\"https:\/\/www.caririemacao.com\/1\/wp-content\/uploads\/2018\/07\/36903039_10154824115067395_372635477179629568_n.jpg 960w, https:\/\/www.caririemacao.com\/1\/wp-content\/uploads\/2018\/07\/36903039_10154824115067395_372635477179629568_n-300x220.jpg 300w, https:\/\/www.caririemacao.com\/1\/wp-content\/uploads\/2018\/07\/36903039_10154824115067395_372635477179629568_n-768x562.jpg 768w\" data-sizes=\"(max-width: 960px) 100vw, 960px\" src=\"data:image\/svg+xml;base64,PHN2ZyB3aWR0aD0iMSIgaGVpZ2h0PSIxIiB4bWxucz0iaHR0cDovL3d3dy53My5vcmcvMjAwMC9zdmciPjwvc3ZnPg==\" style=\"--smush-placeholder-width: 960px; --smush-placeholder-aspect-ratio: 960\/703;\" \/><\/p>\n<p><strong>CARIRI EM A\u00c7\u00c3O<\/strong><\/p>\n<p>Leia mais not\u00edcias em\u00a0<a style=\"font-style: inherit; font-weight: inherit;\" href=\"http:\/\/www.caririemacao.com\/\">caririemacao.com<\/a>, siga nossa p\u00e1gina no\u00a0<a style=\"font-style: inherit; font-weight: inherit;\" href=\"https:\/\/www.facebook.com\/CaririEmAcao\/?ref=aymt_homepage_panel\">Facebook<\/a>,\u00a0<a style=\"font-style: inherit; font-weight: inherit;\" href=\"https:\/\/www.instagram.com\/cariri_em_acao\/?hl=pt-br\">Instagram<\/a>\u00a0e\u00a0<a style=\"font-style: inherit; font-weight: inherit;\" href=\"https:\/\/www.youtube.com\/channel\/UCAptA0jQuYQy8vMhLt2m4qg\">Youtube<\/a>\u00a0e veja nossas mat\u00e9rias, v\u00eddeos e fotos. Voc\u00ea tamb\u00e9m pode enviar informa\u00e7\u00f5es \u00e0 Reda\u00e7\u00e3o do Portal Cariri em A\u00e7\u00e3o pelo WhatsApp (83) 9 9634.5791, (83) 9 9601-1162.<\/p>\n","protected":false},"excerpt":{"rendered":"<p>A banda paraibana &#8220;Forr\u00f3 Gente Boa&#8221; esteve participando nos dias 06, 07 e 08 deste m\u00eas do tradicional S\u00e3o Jo\u00e3o de Genebra, Su\u00ed\u00e7a.\u00a0O evento \u00e9&hellip; <\/p>\n","protected":false},"author":2,"featured_media":56865,"comment_status":"closed","ping_status":"closed","sticky":false,"template":"","format":"standard","meta":{"sfsi_plus_gutenberg_text_before_share":"","sfsi_plus_gutenberg_show_text_before_share":"","sfsi_plus_gutenberg_icon_type":"","sfsi_plus_gutenberg_icon_alignemt":"","sfsi_plus_gutenburg_max_per_row":"","footnotes":""},"categories":[2],"tags":[],"class_list":["post-56863","post","type-post","status-publish","format-standard","has-post-thumbnail","hentry","category-geral"],"_links":{"self":[{"href":"https:\/\/www.caririemacao.com\/1\/wp-json\/wp\/v2\/posts\/56863","targetHints":{"allow":["GET"]}}],"collection":[{"href":"https:\/\/www.caririemacao.com\/1\/wp-json\/wp\/v2\/posts"}],"about":[{"href":"https:\/\/www.caririemacao.com\/1\/wp-json\/wp\/v2\/types\/post"}],"author":[{"embeddable":true,"href":"https:\/\/www.caririemacao.com\/1\/wp-json\/wp\/v2\/users\/2"}],"replies":[{"embeddable":true,"href":"https:\/\/www.caririemacao.com\/1\/wp-json\/wp\/v2\/comments?post=56863"}],"version-history":[{"count":1,"href":"https:\/\/www.caririemacao.com\/1\/wp-json\/wp\/v2\/posts\/56863\/revisions"}],"predecessor-version":[{"id":56868,"href":"https:\/\/www.caririemacao.com\/1\/wp-json\/wp\/v2\/posts\/56863\/revisions\/56868"}],"wp:featuredmedia":[{"embeddable":true,"href":"https:\/\/www.caririemacao.com\/1\/wp-json\/wp\/v2\/media\/56865"}],"wp:attachment":[{"href":"https:\/\/www.caririemacao.com\/1\/wp-json\/wp\/v2\/media?parent=56863"}],"wp:term":[{"taxonomy":"category","embeddable":true,"href":"https:\/\/www.caririemacao.com\/1\/wp-json\/wp\/v2\/categories?post=56863"},{"taxonomy":"post_tag","embeddable":true,"href":"https:\/\/www.caririemacao.com\/1\/wp-json\/wp\/v2\/tags?post=56863"}],"curies":[{"name":"wp","href":"https:\/\/api.w.org\/{rel}","templated":true}]}}