{"id":56992,"date":"2018-07-12T09:36:18","date_gmt":"2018-07-12T12:36:18","guid":{"rendered":"http:\/\/caririemacao.com\/1\/?p=56992"},"modified":"2018-07-12T09:36:18","modified_gmt":"2018-07-12T12:36:18","slug":"rio-de-janeiro-base-de-crivella-contabiliza-apoio-para-barrar-impeachment","status":"publish","type":"post","link":"https:\/\/www.caririemacao.com\/1\/2018\/07\/12\/rio-de-janeiro-base-de-crivella-contabiliza-apoio-para-barrar-impeachment\/","title":{"rendered":"Rio de Janeiro: Base de Crivella contabiliza apoio para barrar impeachment"},"content":{"rendered":"<p>Vereadores governistas contabilizaram nesta quarta-feira, 11, pelo menos 30 votos, de um total de 51, para barrar o pedido de impeachment do prefeito\u00a0Marcelo Crivella\u00a0(PRB) em sess\u00e3o extraordin\u00e1ria nesta quinta-feira, 12, na C\u00e2mara Municipal do Rio. A avalia\u00e7\u00e3o de que o processo ser\u00e1 barrado \u00e9 feita at\u00e9 mesmo por fontes ligadas \u00e0 oposi\u00e7\u00e3o, cuja disposi\u00e7\u00e3o \u00e9 desgastar ao m\u00e1ximo a base do prefeito.<\/p>\n<p>Crivella foi flagrado oferecendo a l\u00edderes religiosos supostas vantagens, como cirurgias gr\u00e1tis para fi\u00e9is e facilidades para isen\u00e7\u00e3o de IPTU para templos. As ofertas suspeitas foram feitas em reuni\u00e3o fechada no Pal\u00e1cio da Cidade, na semana passada, revelada pelo jornal\u00a0<em>O Globo<\/em>.<\/p>\n<p>Nesta quarta-feira, a avalia\u00e7\u00e3o da prefeitura e seus apoiadores era de que a oposi\u00e7\u00e3o n\u00e3o teria muito mais do que os 17 votos que conseguiu para aprovar o requerimento de convoca\u00e7\u00e3o da reuni\u00e3o. Para aprovar o impeachment, s\u00e3o necess\u00e1rios 34 votos.<\/p>\n<p>As articula\u00e7\u00f5es do governo est\u00e3o a cargo do secret\u00e1rio da Casa Civil, Paulo Messina. Quadro do PRB e visto como \u201cprimeiro-ministro\u201d, Messina obteve uma vit\u00f3ria nesta quarta-feira.\u00a0O prefeito demitiu Cesar Benjamin, desafeto de Messina, do cargo de secret\u00e1rio de Educa\u00e7\u00e3o. Os dois secret\u00e1rios estavam em atrito.<\/p>\n<p>Benjamin publicou uma carta em sua p\u00e1gina no Facebook comentando sua exonera\u00e7\u00e3o. \u201cToda a articula\u00e7\u00e3o para a minha sa\u00edda foi feita pelas minhas costas. N\u00e3o recebi sequer um telefonema. O prefeito agradeceu desta maneira a minha dedica\u00e7\u00e3o \u00e0 causa da educa\u00e7\u00e3o.\u201d<\/p>\n<p>A prefeitura n\u00e3o comentou a demiss\u00e3o. A Secretaria de Educa\u00e7\u00e3o \u00e9 considerada um ativo importante na disputa pol\u00edtica desta quinta-feira, na sess\u00e3o que est\u00e1 marcada para come\u00e7ar \u00e0s 14h.<\/p>\n<p><strong>\u2018CPI da M\u00e1rcia\u2019<\/strong><\/p>\n<p>A vereadora Teresa Bergher (PSDB) anunciou esta quarta-feira que pedir\u00e1 a abertura da \u201cCPI da M\u00e1rcia\u201d \u2013 em refer\u00eancia \u00e0 servidora M\u00e1rcia Nunes, que, na reuni\u00e3o com l\u00edderes religiosos, foi citada pelo prefeito como a pessoa que poderia resolver quest\u00f5es de sa\u00fade, como as cirurgias.<\/p>\n<p>O Tribunal de Contas do Munic\u00edpio tamb\u00e9m vota nesta quinta-feira o julgamento das contas da gest\u00e3o do prefeito.<\/p>\n<p><strong>Protesto.<\/strong>Manifestantes invadiram nesta quarta-feira a sede administrativa da prefeitura do Rio, no Centro, e foram expulsos por guardas municipais. Eles pediam, com ironia, para falar com \u201cM\u00e1rcia\u201d. Segundo a prefeitura, o ato acabou em poucos minutos e o grupo \u201cs\u00f3 aceitou se retirar ap\u00f3s um pedido da Guarda Municipal\u201d.<\/p>\n<p>O vereador David Miranda (PSOL), que acompanhava os manifestantes, por\u00e9m, relatou que a corpora\u00e7\u00e3o agiu com trucul\u00eancia. A Casa Civil negou.<\/p>\n<p><strong>CARIRI EM A\u00c7\u00c3O<\/strong><\/p>\n<p>Com Estad\u00e3o\/Foto: Reprodu\u00e7\u00e3o Internet<\/p>\n<p>Leia mais not\u00edcias em\u00a0<a href=\"http:\/\/www.caririemacao.com\/\">caririemacao.com<\/a>, siga nossa p\u00e1gina no\u00a0<a href=\"https:\/\/www.facebook.com\/CaririEmAcao\/?ref=aymt_homepage_panel\">Facebook<\/a>,\u00a0<a href=\"https:\/\/www.instagram.com\/cariri_em_acao\/?hl=pt-br\">Instagram<\/a>\u00a0e <a href=\"https:\/\/www.youtube.com\/channel\/UCAptA0jQuYQy8vMhLt2m4qg\">Youtube<\/a>\u00a0e veja nossas mat\u00e9rias, v\u00eddeos e fotos. Voc\u00ea tamb\u00e9m pode enviar informa\u00e7\u00f5es \u00e0 Reda\u00e7\u00e3o do Portal Cariri em A\u00e7\u00e3o pelo WhatsApp (83) 9 9634.5791, (83) 9 9601-1162.<\/p>\n","protected":false},"excerpt":{"rendered":"<p>Vereadores governistas contabilizaram nesta quarta-feira, 11, pelo menos 30 votos, de um total de 51, para barrar o pedido de impeachment do prefeito\u00a0Marcelo Crivella\u00a0(PRB) em&hellip; <\/p>\n","protected":false},"author":1,"featured_media":56993,"comment_status":"closed","ping_status":"closed","sticky":false,"template":"","format":"standard","meta":{"sfsi_plus_gutenberg_text_before_share":"","sfsi_plus_gutenberg_show_text_before_share":"","sfsi_plus_gutenberg_icon_type":"","sfsi_plus_gutenberg_icon_alignemt":"","sfsi_plus_gutenburg_max_per_row":"","footnotes":""},"categories":[2],"tags":[],"class_list":["post-56992","post","type-post","status-publish","format-standard","has-post-thumbnail","hentry","category-geral"],"_links":{"self":[{"href":"https:\/\/www.caririemacao.com\/1\/wp-json\/wp\/v2\/posts\/56992","targetHints":{"allow":["GET"]}}],"collection":[{"href":"https:\/\/www.caririemacao.com\/1\/wp-json\/wp\/v2\/posts"}],"about":[{"href":"https:\/\/www.caririemacao.com\/1\/wp-json\/wp\/v2\/types\/post"}],"author":[{"embeddable":true,"href":"https:\/\/www.caririemacao.com\/1\/wp-json\/wp\/v2\/users\/1"}],"replies":[{"embeddable":true,"href":"https:\/\/www.caririemacao.com\/1\/wp-json\/wp\/v2\/comments?post=56992"}],"version-history":[{"count":1,"href":"https:\/\/www.caririemacao.com\/1\/wp-json\/wp\/v2\/posts\/56992\/revisions"}],"predecessor-version":[{"id":56994,"href":"https:\/\/www.caririemacao.com\/1\/wp-json\/wp\/v2\/posts\/56992\/revisions\/56994"}],"wp:featuredmedia":[{"embeddable":true,"href":"https:\/\/www.caririemacao.com\/1\/wp-json\/wp\/v2\/media\/56993"}],"wp:attachment":[{"href":"https:\/\/www.caririemacao.com\/1\/wp-json\/wp\/v2\/media?parent=56992"}],"wp:term":[{"taxonomy":"category","embeddable":true,"href":"https:\/\/www.caririemacao.com\/1\/wp-json\/wp\/v2\/categories?post=56992"},{"taxonomy":"post_tag","embeddable":true,"href":"https:\/\/www.caririemacao.com\/1\/wp-json\/wp\/v2\/tags?post=56992"}],"curies":[{"name":"wp","href":"https:\/\/api.w.org\/{rel}","templated":true}]}}