{"id":57248,"date":"2018-07-13T20:29:56","date_gmt":"2018-07-13T23:29:56","guid":{"rendered":"http:\/\/caririemacao.com\/1\/?p=57248"},"modified":"2018-07-13T20:29:56","modified_gmt":"2018-07-13T23:29:56","slug":"volume-de-servicos-na-pb-cai-81-em-relacao-a-maio-de-2017","status":"publish","type":"post","link":"https:\/\/www.caririemacao.com\/1\/2018\/07\/13\/volume-de-servicos-na-pb-cai-81-em-relacao-a-maio-de-2017\/","title":{"rendered":"Volume de servi\u00e7os na PB cai 8,1% em rela\u00e7\u00e3o a maio de 2017"},"content":{"rendered":"<div class=\"mc-column content-text active-extra-styles active-capital-letter\" data-block-type=\"unstyled\" data-block-weight=\"42\" data-block-id=\"2\">\n<p class=\"content-text__container theme-color-primary-first-letter\" data-track-category=\"Link no Texto\" data-track-links=\"\">O volume de servi\u00e7os em maio de 2018, na Para\u00edba, teve uma redu\u00e7\u00e3o de 8,1% em rela\u00e7\u00e3o ao mesmo m\u00eas do ano passado, segundo a Pesquisa Mensal de Servi\u00e7os (PMS) divulgada nesta sexta-feira (13), pelo Instituto Brasileiro de Geografia e Estat\u00edstica (IBGE).<\/p>\n<\/div>\n<div class=\"wall\">\n<div class=\"mc-column content-text active-extra-styles \" data-block-type=\"unstyled\" data-block-weight=\"49\" data-block-id=\"3\">\n<p class=\"content-text__container \" data-track-category=\"Link no Texto\" data-track-links=\"\">De acordo com o instituto, o resultado foi influenciado pela\u00a0greve dos caminhoneiros que ocorreu nos \u00faltimos dez dias de maio. No contexto nacional, o levantamento aponta que o volume de servi\u00e7os recuou 3,8% em rela\u00e7\u00e3o ao mesmo m\u00eas em 2017, maior queda desde abril do ano passado (-5,7%).<\/p>\n<\/div>\n<div class=\"mc-column content-text active-extra-styles \" data-block-type=\"unstyled\" data-block-weight=\"44\" data-block-id=\"4\">\n<p class=\"content-text__container \" data-track-category=\"Link no Texto\" data-track-links=\"\">Essa retra\u00e7\u00e3o de 3,8%, como indica a pesquisa, \u00e9 reflexo dos resultados negativos em todas as cinco atividades de divulga\u00e7\u00e3o, que s\u00e3o: servi\u00e7os prestados \u00e0s fam\u00edlias; de informa\u00e7\u00e3o e comunica\u00e7\u00e3o; profissionais, administrativos e complementares; transportes, servi\u00e7os auxiliares aos transportes e correio; e outros servi\u00e7os.<\/p>\n<\/div>\n<div class=\"mc-column content-text active-extra-styles \" data-block-type=\"unstyled\" data-block-weight=\"27\" data-block-id=\"5\">\n<p class=\"content-text__container \" data-track-category=\"Link no Texto\" data-track-links=\"\">Dentre essas atividades, conforme informado no levantamento, as relacionadas aos transportes e correio tiveram o principal impacto negativo sobre o \u00edndice global, com uma retra\u00e7\u00e3o de 7,8%.<\/p>\n<\/div>\n<\/div>\n<div data-track-category=\"fim do conteudo\" data-track-action=\"ultimo chunk conteudo\" data-track-noninteraction=\"false\" data-track-scroll=\"entrada completa viewport\">\n<div class=\"mc-column content-text active-extra-styles \" data-block-type=\"unstyled\" data-block-weight=\"31\" data-block-id=\"6\">\n<p class=\"content-text__container \" data-track-category=\"Link no Texto\" data-track-links=\"\">Na Para\u00edba, quando comparado a abril (s\u00e9rie com ajuste sazonal), o volume de servi\u00e7os teve uma queda de 2,3%, ficando abaixo da m\u00e9dia do Brasil, que sofreu uma redu\u00e7\u00e3o de 3,8%.<\/p>\n<p><strong>CARIRI EM A\u00c7\u00c3O<\/strong><\/p>\n<p>Com G1\/Foto: Reprodu\u00e7\u00e3o<\/p>\n<p>Leia mais not\u00edcias em\u00a0<a href=\"http:\/\/www.caririemacao.com\/\">caririemacao.com<\/a>, siga nossa p\u00e1gina no\u00a0<a href=\"https:\/\/www.facebook.com\/CaririEmAcao\/?ref=aymt_homepage_panel\">Facebook<\/a>,\u00a0<a href=\"https:\/\/www.instagram.com\/cariri_em_acao\/?hl=pt-br\">Instagram<\/a>\u00a0e\u00a0<a href=\"https:\/\/www.youtube.com\/channel\/UCAptA0jQuYQy8vMhLt2m4qg\">Youtube<\/a>\u00a0e veja nossas mat\u00e9rias, v\u00eddeos e fotos. Voc\u00ea tamb\u00e9m pode enviar informa\u00e7\u00f5es \u00e0 Reda\u00e7\u00e3o do Portal Cariri em A\u00e7\u00e3o pelo WhatsApp (83) 9 9634.5791, (83) 9 9601-1162.<\/p>\n<\/div>\n<\/div>\n","protected":false},"excerpt":{"rendered":"<p>O volume de servi\u00e7os em maio de 2018, na Para\u00edba, teve uma redu\u00e7\u00e3o de 8,1% em rela\u00e7\u00e3o ao mesmo m\u00eas do ano passado, segundo a&hellip; <\/p>\n","protected":false},"author":2,"featured_media":57249,"comment_status":"closed","ping_status":"closed","sticky":false,"template":"","format":"standard","meta":{"sfsi_plus_gutenberg_text_before_share":"","sfsi_plus_gutenberg_show_text_before_share":"","sfsi_plus_gutenberg_icon_type":"","sfsi_plus_gutenberg_icon_alignemt":"","sfsi_plus_gutenburg_max_per_row":"","footnotes":""},"categories":[2],"tags":[],"class_list":["post-57248","post","type-post","status-publish","format-standard","has-post-thumbnail","hentry","category-geral"],"_links":{"self":[{"href":"https:\/\/www.caririemacao.com\/1\/wp-json\/wp\/v2\/posts\/57248","targetHints":{"allow":["GET"]}}],"collection":[{"href":"https:\/\/www.caririemacao.com\/1\/wp-json\/wp\/v2\/posts"}],"about":[{"href":"https:\/\/www.caririemacao.com\/1\/wp-json\/wp\/v2\/types\/post"}],"author":[{"embeddable":true,"href":"https:\/\/www.caririemacao.com\/1\/wp-json\/wp\/v2\/users\/2"}],"replies":[{"embeddable":true,"href":"https:\/\/www.caririemacao.com\/1\/wp-json\/wp\/v2\/comments?post=57248"}],"version-history":[{"count":1,"href":"https:\/\/www.caririemacao.com\/1\/wp-json\/wp\/v2\/posts\/57248\/revisions"}],"predecessor-version":[{"id":57250,"href":"https:\/\/www.caririemacao.com\/1\/wp-json\/wp\/v2\/posts\/57248\/revisions\/57250"}],"wp:featuredmedia":[{"embeddable":true,"href":"https:\/\/www.caririemacao.com\/1\/wp-json\/wp\/v2\/media\/57249"}],"wp:attachment":[{"href":"https:\/\/www.caririemacao.com\/1\/wp-json\/wp\/v2\/media?parent=57248"}],"wp:term":[{"taxonomy":"category","embeddable":true,"href":"https:\/\/www.caririemacao.com\/1\/wp-json\/wp\/v2\/categories?post=57248"},{"taxonomy":"post_tag","embeddable":true,"href":"https:\/\/www.caririemacao.com\/1\/wp-json\/wp\/v2\/tags?post=57248"}],"curies":[{"name":"wp","href":"https:\/\/api.w.org\/{rel}","templated":true}]}}