{"id":57254,"date":"2018-07-13T21:13:22","date_gmt":"2018-07-14T00:13:22","guid":{"rendered":"http:\/\/caririemacao.com\/1\/?p=57254"},"modified":"2018-07-13T22:12:32","modified_gmt":"2018-07-14T01:12:32","slug":"importante-e-manter-a-liberdade-de-precos-diz-presidente-da-petrobras","status":"publish","type":"post","link":"https:\/\/www.caririemacao.com\/1\/2018\/07\/13\/importante-e-manter-a-liberdade-de-precos-diz-presidente-da-petrobras\/","title":{"rendered":"Importante \u00e9 manter a liberdade de pre\u00e7os&#8217;, diz presidente da Petrobras"},"content":{"rendered":"<p>Al\u00e7ado ao comando da Petrobras em meio \u00e0 crise gerada pela greve dos caminhoneiros, o presidente da estatal, Ivan Monteiro, defende a pol\u00edtica de pre\u00e7os baseados em cota\u00e7\u00f5es internacionais como fundamental para manter a sa\u00fade financeira da companhia.<\/p>\n<p>O tema se tornou parte do debate nacional e gerou temores de novas interven\u00e7\u00f5es na gest\u00e3o da companhia. Em junho, a ANP (Ag\u00eancia Nacional do Petr\u00f3leo, G\u00e1s e Biocombust\u00edveis) abriu consulta p\u00fablica para estudar a possibilidade de limitar o prazo de reajustes.<\/p>\n<p>\u00c0s v\u00e9speras da elei\u00e7\u00e3o, Monteiro diz que\u00a0os candidatos \u00e0 Presid\u00eancia ter\u00e3o a oportunidade de comparar duas vis\u00f5es muito claras sobre a condu\u00e7\u00e3o da estatal: uma que conduziu ao &#8220;desastre&#8221; e outra que levou \u00e0 recupera\u00e7\u00e3o.<\/p>\n<p>\u201cOs meus primeiros 90 dias aqui foram dram\u00e1ticos. Ningu\u00e9m pode querer aquela situa\u00e7\u00e3o novamente\u201d, afirma o executivo, referindo-se ao in\u00edcio de 2015, quando chegou \u00e0 empresa com a miss\u00e3o de calcular os custos da corrup\u00e7\u00e3o no balan\u00e7o do ano anterior.<\/p>\n<p>\u201cFoi a aus\u00eancia de interfer\u00eancia pol\u00edtica que possibilitou a recupera\u00e7\u00e3o\u201d, defende ele. Monteiro assumiu o comando da maior empresa do pa\u00eds em substitui\u00e7\u00e3o a Pedro Parente, que renunciou ap\u00f3s questionamentos sobre a pol\u00edtica de pre\u00e7os.<\/p>\n<p>O novo presidente diz que, assim como Parente, recebeu do presidente Michel Temer a garantia de que n\u00e3o haver\u00e1 inger\u00eancia em sua gest\u00e3o. Mas afirma estar aberto ao di\u00e1logo em rela\u00e7\u00e3o \u00e0 possibilidade de estabelecer periodicidade nos reajustes.<\/p>\n<p>&#8220;O importante para a Petrobras \u00e9 n\u00e3o perder a liberdade para praticar a pol\u00edtica comercial mais realista poss\u00edvel&#8221;, diz.<\/p>\n<p><b>Antes assumir a Petrobras na esteira da greve dos caminhoneiros, o senhor teve uma conversa com presidente Michel Temer, em Bras\u00edlia. O senhor colocou condi\u00e7\u00f5es para aceitar o cargo ou recebeu algum tipo de garantia?<\/b><\/p>\n<p>O presidente me disse que todas condi\u00e7\u00f5es que tinham sido dadas ao Pedro [Parente] \u2014aus\u00eancia de interfer\u00eancia pol\u00edtica na indica\u00e7\u00e3o dos cargos de dire\u00e7\u00e3o da empresa e na forma\u00e7\u00e3o da pol\u00edtica comercial &#8211; estariam amplamente estendidas \u00e0 minha gest\u00e3o.\u00a0E, durante toda a gest\u00e3o do Pedro, da qual eu participei ativamente, foi isso que ocorreu. Foram essas condi\u00e7\u00f5es que possibilitaram a recupera\u00e7\u00e3o da Petrobras.<\/p>\n<p><b>Logo em seguida, no entanto, a ANP abriu uma consulta p\u00fablica sobre a periodicidade do reajuste da gasolina. N\u00e3o \u00e9 uma interfer\u00eancia na pol\u00edtica de pre\u00e7os?<\/b><\/p>\n<p>O diretor-geral da ANP [D\u00e9cio Oddone] j\u00e1 disse v\u00e1rias vezes publicamente que n\u00e3o far\u00e1 qualquer tipo de interfer\u00eancia na pol\u00edtica comercial de qualquer empresa, n\u00e3o s\u00f3 da Petrobras.\u00a0O que a ANP est\u00e1 fazendo de maneira democr\u00e1tica \u00e9, antes de publicar uma resolu\u00e7\u00e3o, chamar uma audi\u00eancia p\u00fablica. E n\u00f3s apoiamos plenamente esse processo.\u00a0O importante para a Petrobras \u00e9 n\u00e3o perder a liberdade para praticar a pol\u00edtica comercial mais realista poss\u00edvel, n\u00e3o gerar uma situa\u00e7\u00e3o em que a Petrobras fique em desvantagem em rela\u00e7\u00e3o aos seus concorrentes e, evidentemente, n\u00e3o causar preju\u00edzo \u00e0 sa\u00fade financeira. No passado, isso aconteceu e foi desastroso para a Petrobras.<\/p>\n<p><b>O sr. j\u00e1 citou a pol\u00edtica de reajustes trimestrais de pre\u00e7os do GLP como uma alternativa encontrada para equilibrar os interesses do consumidor com a pol\u00edtica de pre\u00e7os da Petrobras. Esse pode ser um modelo para os outros combust\u00edveis?<\/b><\/p>\n<p>Vamos aguardar o final da audi\u00eancia p\u00fablica. No caso do GLP, a Petrobras tomou a decis\u00e3o de forma espont\u00e2nea e foi muito adequada. A atua\u00e7\u00e3o da Petrobras \u00e9 t\u00e3o importante para a economia, que temos que levar em considera\u00e7\u00e3o o reflexo do que a gente faz. Tem que estar aberto a ouvir isso.\u00a0A Petrobras tem que ter consci\u00eancia de que impacta a vida das pessoas.<\/p>\n<p><b>O ex-presidente Pedro Parente disse em sua carta de demiss\u00e3o que n\u00e3o queria ser um \u201cempecilho \u00e0 discuss\u00e3o de alternativas\u201d para a pol\u00edtica de pre\u00e7os. O senhor \u00e9 mais flex\u00edvel?<\/b><\/p>\n<p>N\u00e3o. Todas as decis\u00f5es na Petrobras s\u00e3o colegiadas e s\u00e3o tomadas respeitando os pareceres das \u00e1reas t\u00e9cnicas. A imensa contribui\u00e7\u00e3o que o Pedro trouxe foi instituir um acompanhamento vigoroso \u00e0 entrega do plano de neg\u00f3cios.<\/p>\n<p>Antes da nossa chegada, a Petrobras prometia para o mercado uma curva de produ\u00e7\u00e3o e n\u00e3o entregava, fez investimentos que tiveram\u00a0consequ\u00eancias muito ruins para a companhia, como a refinaria de Pernambuco, o Comperj, [as refinarias de] Okinawa e Pasadena.<\/p>\n<p>Mas \u00e9 essa mesma companhia que descobriu o pr\u00e9-sal. E hoje temos o imenso desafio de ser muito competitivos ou n\u00e3o vamos conseguir explorar economicamente os os ativos excelentes que temos no pr\u00e9-sal.<\/p>\n<p>Qualquer decis\u00e3o tem que preservar sa\u00fade financeira da companhia e sua capacidade de ser competitiva. Vai ocorrer um grande leil\u00e3o esse ano [o mega leil\u00e3o do pr\u00e9-sal, que o governo pretende realizar at\u00e9 novembro] e a Petrobras tem que estar muito bem financeiramente para participar desse leil\u00e3o. Os investimentos ser\u00e3o muito expressivos.<\/p>\n<p><b>O conselho de administra\u00e7\u00e3o da Petrobras vem tentando blindar a empresa contra interfer\u00eancias pol\u00edticas. Com as elei\u00e7\u00f5es, o sr. v\u00ea risco de mudan\u00e7as?<\/b><\/p>\n<p>Todos v\u00e3o ter a oportunidade de acompanhar os resultados da companhia e verificar que aus\u00eancia de interfer\u00eancia pol\u00edtica \u00e9 que possibilitou recupera\u00e7\u00e3o da sa\u00fade financeira da companhia. Isso \u00e9 uma realidade.\u00a0A Petrobras \u00e9 uma indutora importante do investimento e tem um impacto muito positivo na economia, seja na gera\u00e7\u00e3o de empregos e, principalmente, no aumento da arrecada\u00e7\u00e3o de tributos. Outro dado relevante s\u00e3o as mudan\u00e7as no marco regulat\u00f3rio do setor, que aumentaram a atratividade e permitiram novas parcerias para investimentos. Acredito que nenhum candidato deixar\u00e1 de levar isso em considera\u00e7\u00e3o.<\/p>\n<p><b>Mas \u00e9 um momento de questionamento do uso que a Petrobras faz do monop\u00f3lio, se beneficia mais o investidor ou a sociedade. E isso deve entrar no debate eleitoral.<\/b><\/p>\n<p>A gente tem dois momentos muito claros. O momento em que a companhia viveu a maior crise da sua hist\u00f3ria e outro momento em que h\u00e1 plena recupera\u00e7\u00e3o financeira. Os meus primeiros 90 dias aqui foram dram\u00e1ticos [a Petrobras esteve amea\u00e7ada de resgate antecipado de toda a sua d\u00edvida por n\u00e3o conseguir entregar seu balan\u00e7o financeiro].\u00a0Ningu\u00e9m pode querer essa situa\u00e7\u00e3o novamente.\u00a0Logo, teremos duas vis\u00f5es muito claras sobre isso: uma que foi um desastre e outra que voc\u00eas est\u00e3o acompanhando.<\/p>\n<p><b>A diretoria executiva da Petrobras falhou ao n\u00e3o prever que a pol\u00edtica de reajustes di\u00e1rios dos combust\u00edveis poderia gerar uma convuls\u00e3o social se houvesse um repique de pre\u00e7os?<\/b><\/p>\n<p>A minha resposta \u00e9 n\u00e3o.\u00a0\u00c9 natural que em anos eleitorais haja volatilidade maior no c\u00e2mbio, mas ningu\u00e9m imaginava que o petr\u00f3leo teria essa trajet\u00f3ria de crescimento que aconteceu.\u00a0E isso ocorreu n\u00e3o porque o pre\u00e7o est\u00e1 respondendo a um cen\u00e1rio de oferta e demanda, mas por eventos de natureza pol\u00edtica: as san\u00e7\u00f5es ao Ir\u00e3, a redu\u00e7\u00e3o dram\u00e1tica da produ\u00e7\u00e3o na Venezuela, eventos na L\u00edbia, etc.<\/p>\n<p><b>A Petrobras defende a cria\u00e7\u00e3o de um imposto que suavize o repasse da volatilidade para o consumidor. Mas isso \u00e9 fact\u00edvel numa situa\u00e7\u00e3o fiscal t\u00e3o apertada do governo federal?<\/b><\/p>\n<p>Existem exemplos ao redor do mundo em que os governos fazem isso porque, quando ocorre aumento expressivo de pre\u00e7os do petr\u00f3leo, h\u00e1 impacto relevante na infla\u00e7\u00e3o. E a\u00a0 resposta dos bancos centrais \u00e9 subir a taxa de juros, o que gera um impacto negativo na economia.<\/p>\n<p>Logo, \u00e9 uma preocupa\u00e7\u00e3o fundamental de todo governo o impacto do pre\u00e7o do petr\u00f3leo n\u00e3o ocorra de forma t\u00e3o dram\u00e1tica.\u00a0N\u00e3o estou falando em cria\u00e7\u00e3o de novos tributos, mas em tributos j\u00e1 existentes, que podem funcionar como esse colch\u00e3o para amortizar volatilidades.\u00a0No Brasil, tem um imposto espec\u00edfico que foi criado exatamente para isso [a Cide, institu\u00edda em 2001], que deveria funcionar dessa forma.<\/p>\n<p><b>As incertezas sobre reajuste podem prejudicar o processo de venda de participa\u00e7\u00f5es em refinarias?\u00a0<\/b><\/p>\n<p>Inseguran\u00e7a sempre afasta investidores, que exigem um aumento da remunera\u00e7\u00e3o para aplicar o dinheiro. Para ter uma rentabilidade maior, utilizam uma taxa de desconto maior e reduzem o pre\u00e7o do ativo. O investidor que comparece a esses processos, no entanto, \u00e9 de m\u00e9dio e longo prazo.<\/p>\n<p>O processo de venda dessas refinarias foi interrompido por uma liminar da Justi\u00e7a de Pernambuco e permanece parado pela decis\u00e3o do STF (Supremo Tribunal Federal). Por isso, acredito que a decis\u00e3o da ANP sobre a periodicidade do reajuste dos combust\u00edveis vir\u00e1 antes, diminuindo toda essa incerteza.<\/p>\n<p><b>A liminar [do ministro Ricardo Lewandowski, que estabele que toda privatiza\u00e7\u00e3o deve ser aprovada pelo Congresso] inviabilizar a meta de venda de ativos?\u00a0<\/b><\/p>\n<p>\u00c9 claro que se tornou mais desafiador. O processo mais importante de desinvestimentos era a venda da TAG [Transportadora Associada de G\u00e1s, empresa que opera gasodutos no Norte e no Nordeste], que tem um valor de mercado bem expressivo. Quando vem uma decis\u00e3o que posterga essa venda, a meta se torna mais desafiadora.<\/p>\n<p>Mas quero enfatizar que outros componentes, que, no in\u00edcio do ano, n\u00e3o eram t\u00e3o favor\u00e1veis, como o pre\u00e7o do petr\u00f3leo, est\u00e3o se comportando muito acima do que esper\u00e1vamos. Ou seja, a venda de participa\u00e7\u00f5es minorit\u00e1rias em outros ativos, que continuam permitidas, podem ter um valor mais alto do que o previsto.<\/p>\n<p>Al\u00e9m disso, a alta do pre\u00e7o do petr\u00f3leo faz toda a diferen\u00e7a na gera\u00e7\u00e3o de caixa. Ou seja, se temos um desafio maior nos desinvestimentos, tamb\u00e9m contamos um aux\u00edlio maior na receita, que nos ajuda atingir a meta de 2,5 vezes de d\u00edvida l\u00edquida\/EBITDA [medida de sa\u00fade financeira de uma empresa].<\/p>\n<p>Na divulga\u00e7\u00e3o dos resultados do segundo trimestre, vamos dar um pouco mais da vis\u00e3o prospectiva at\u00e9 o final do ano sobre qual deve ser o comportamento dessas vari\u00e1veis, mas quero chamar a aten\u00e7\u00e3o para o fto de que nenhuma meta foi alterada.<\/p>\n<p><b>O senhor chegou a Petrobras com Aldemir Bendine, com quem trabalhou no Banco do Brasil. Depois de deixar a estatal, Bendine foi preso pela Opera\u00e7\u00e3o Lava Jato. O senhor teve conhecimento de alguma irregularidade?<\/b><\/p>\n<p>N\u00e3o, de forma nenhuma. Foi uma grande surpresa para todos n\u00f3s.<\/p>\n<p><strong>CARIRI EM A\u00c7\u00c3O<\/strong><\/p>\n<p>Com Folha de S\u00e3o Paulo\/Foto:\u00a0Folha de S\u00e3o Paulo<\/p>\n<p>Leia mais not\u00edcias em\u00a0<a href=\"http:\/\/www.caririemacao.com\/\">caririemacao.com<\/a>, siga nossa p\u00e1gina no\u00a0<a href=\"https:\/\/www.facebook.com\/CaririEmAcao\/?ref=aymt_homepage_panel\">Facebook<\/a>,\u00a0<a href=\"https:\/\/www.instagram.com\/cariri_em_acao\/?hl=pt-br\">Instagram<\/a>\u00a0e\u00a0<a href=\"https:\/\/www.youtube.com\/channel\/UCAptA0jQuYQy8vMhLt2m4qg\">Youtube<\/a>\u00a0e veja nossas mat\u00e9rias, v\u00eddeos e fotos. Voc\u00ea tamb\u00e9m pode enviar informa\u00e7\u00f5es \u00e0 Reda\u00e7\u00e3o do Portal Cariri em A\u00e7\u00e3o pelo WhatsApp (83) 9 9634.5791, (83) 9 9601-1162.<\/p>\n","protected":false},"excerpt":{"rendered":"<p>Al\u00e7ado ao comando da Petrobras em meio \u00e0 crise gerada pela greve dos caminhoneiros, o presidente da estatal, Ivan Monteiro, defende a pol\u00edtica de pre\u00e7os&hellip; <\/p>\n","protected":false},"author":2,"featured_media":57261,"comment_status":"closed","ping_status":"closed","sticky":false,"template":"","format":"standard","meta":{"sfsi_plus_gutenberg_text_before_share":"","sfsi_plus_gutenberg_show_text_before_share":"","sfsi_plus_gutenberg_icon_type":"","sfsi_plus_gutenberg_icon_alignemt":"","sfsi_plus_gutenburg_max_per_row":"","footnotes":""},"categories":[11],"tags":[],"class_list":["post-57254","post","type-post","status-publish","format-standard","has-post-thumbnail","hentry","category-politica"],"_links":{"self":[{"href":"https:\/\/www.caririemacao.com\/1\/wp-json\/wp\/v2\/posts\/57254","targetHints":{"allow":["GET"]}}],"collection":[{"href":"https:\/\/www.caririemacao.com\/1\/wp-json\/wp\/v2\/posts"}],"about":[{"href":"https:\/\/www.caririemacao.com\/1\/wp-json\/wp\/v2\/types\/post"}],"author":[{"embeddable":true,"href":"https:\/\/www.caririemacao.com\/1\/wp-json\/wp\/v2\/users\/2"}],"replies":[{"embeddable":true,"href":"https:\/\/www.caririemacao.com\/1\/wp-json\/wp\/v2\/comments?post=57254"}],"version-history":[{"count":1,"href":"https:\/\/www.caririemacao.com\/1\/wp-json\/wp\/v2\/posts\/57254\/revisions"}],"predecessor-version":[{"id":57262,"href":"https:\/\/www.caririemacao.com\/1\/wp-json\/wp\/v2\/posts\/57254\/revisions\/57262"}],"wp:featuredmedia":[{"embeddable":true,"href":"https:\/\/www.caririemacao.com\/1\/wp-json\/wp\/v2\/media\/57261"}],"wp:attachment":[{"href":"https:\/\/www.caririemacao.com\/1\/wp-json\/wp\/v2\/media?parent=57254"}],"wp:term":[{"taxonomy":"category","embeddable":true,"href":"https:\/\/www.caririemacao.com\/1\/wp-json\/wp\/v2\/categories?post=57254"},{"taxonomy":"post_tag","embeddable":true,"href":"https:\/\/www.caririemacao.com\/1\/wp-json\/wp\/v2\/tags?post=57254"}],"curies":[{"name":"wp","href":"https:\/\/api.w.org\/{rel}","templated":true}]}}