{"id":57347,"date":"2018-07-14T20:13:07","date_gmt":"2018-07-14T23:13:07","guid":{"rendered":"http:\/\/caririemacao.com\/1\/?p=57347"},"modified":"2018-07-14T20:13:07","modified_gmt":"2018-07-14T23:13:07","slug":"fies-tera-155-mil-vagas-para-o-segundo-semestre-do-ano","status":"publish","type":"post","link":"https:\/\/www.caririemacao.com\/1\/2018\/07\/14\/fies-tera-155-mil-vagas-para-o-segundo-semestre-do-ano\/","title":{"rendered":"Fies ter\u00e1 155 mil vagas para o segundo semestre do ano"},"content":{"rendered":"<p>Minist\u00e9rio da Educa\u00e7\u00e3o informou, nesta sexta-feira (13), que os interessados em solicitar o\u00a0Financiamento Estudantil (Fies) concorrer\u00e3o a\u00a0155 mil vagas na pr\u00f3xima edi\u00e7\u00e3o. O prazo para as inscri\u00e7\u00f5es come\u00e7a na\u00a0segunda-feira (16) e vai at\u00e9 22 de julho.<\/p>\n<p>Das vagas ofertadas, 50 mil s\u00e3o para opera\u00e7\u00f5es com juros zero, dentro da modalidade I de financiamento, voltada para quem tem\u00a0renda mensal familiar per capita de at\u00e9 tr\u00eas sal\u00e1rios m\u00ednimos. O restante ser\u00e1 distribu\u00eddo entre as outras\u00a0duas modalidades, para quem tem renda renda per capita mensal entre tr\u00eas e cinco sal\u00e1rios m\u00ednimos, e a forma de financiamento depende da regi\u00e3o do Pa\u00eds.<\/p>\n<p>Para\u00a0concorrer a uma vaga\u00a0\u00e9 preciso ter feito uma das edi\u00e7\u00f5es do Exame Nacional do Ensino M\u00e9dio (Enem) a partir de 2010. Al\u00e9m disso, \u00e9 necess\u00e1rio ter m\u00e9dia igual ou superior a 450 pontos. A nota da reda\u00e7\u00e3o tem de ser superior a zero.<\/p>\n<p>O resultado da sele\u00e7\u00e3o ser\u00e1 divulgado em 27 de julho e n\u00e3o h\u00e1 segunda chamada. Depois de selecionado, o candidato precisar\u00e1 complementar as informa\u00e7\u00f5es de inscri\u00e7\u00e3o entre 27 e 31 de julho. Depois, levar todos os dados e documentos necess\u00e1rios \u00e0 institui\u00e7\u00e3o financeira para emitir e assinar o contrato.<\/p>\n<p><strong>CARIRI EM A\u00c7\u00c3O<\/strong><\/p>\n<p>Com Portal Brasil\/Foto: Reprodu\u00e7\u00e3o Internet<\/p>\n<p>Leia mais not\u00edcias em\u00a0<a href=\"http:\/\/www.caririemacao.com\/\">caririemacao.com<\/a>, siga nossa p\u00e1gina no\u00a0<a href=\"https:\/\/www.facebook.com\/CaririEmAcao\/?ref=aymt_homepage_panel\">Facebook<\/a>,\u00a0<a href=\"https:\/\/www.instagram.com\/cariri_em_acao\/?hl=pt-br\">Instagram<\/a>\u00a0e\u00a0<a href=\"https:\/\/www.youtube.com\/channel\/UCAptA0jQuYQy8vMhLt2m4qg\">Youtube<\/a>\u00a0e veja nossas mat\u00e9rias, v\u00eddeos e fotos. Voc\u00ea tamb\u00e9m pode enviar informa\u00e7\u00f5es \u00e0 Reda\u00e7\u00e3o do Portal Cariri em A\u00e7\u00e3o pelo WhatsApp (83) 9 9634.5791, (83) 9 9601-1162.<\/p>\n","protected":false},"excerpt":{"rendered":"<p>Minist\u00e9rio da Educa\u00e7\u00e3o informou, nesta sexta-feira (13), que os interessados em solicitar o\u00a0Financiamento Estudantil (Fies) concorrer\u00e3o a\u00a0155 mil vagas na pr\u00f3xima edi\u00e7\u00e3o. O prazo para&hellip; <\/p>\n","protected":false},"author":2,"featured_media":13694,"comment_status":"closed","ping_status":"closed","sticky":false,"template":"","format":"standard","meta":{"sfsi_plus_gutenberg_text_before_share":"","sfsi_plus_gutenberg_show_text_before_share":"","sfsi_plus_gutenberg_icon_type":"","sfsi_plus_gutenberg_icon_alignemt":"","sfsi_plus_gutenburg_max_per_row":"","footnotes":""},"categories":[14],"tags":[],"class_list":["post-57347","post","type-post","status-publish","format-standard","has-post-thumbnail","hentry","category-educacao"],"_links":{"self":[{"href":"https:\/\/www.caririemacao.com\/1\/wp-json\/wp\/v2\/posts\/57347","targetHints":{"allow":["GET"]}}],"collection":[{"href":"https:\/\/www.caririemacao.com\/1\/wp-json\/wp\/v2\/posts"}],"about":[{"href":"https:\/\/www.caririemacao.com\/1\/wp-json\/wp\/v2\/types\/post"}],"author":[{"embeddable":true,"href":"https:\/\/www.caririemacao.com\/1\/wp-json\/wp\/v2\/users\/2"}],"replies":[{"embeddable":true,"href":"https:\/\/www.caririemacao.com\/1\/wp-json\/wp\/v2\/comments?post=57347"}],"version-history":[{"count":1,"href":"https:\/\/www.caririemacao.com\/1\/wp-json\/wp\/v2\/posts\/57347\/revisions"}],"predecessor-version":[{"id":57348,"href":"https:\/\/www.caririemacao.com\/1\/wp-json\/wp\/v2\/posts\/57347\/revisions\/57348"}],"wp:featuredmedia":[{"embeddable":true,"href":"https:\/\/www.caririemacao.com\/1\/wp-json\/wp\/v2\/media\/13694"}],"wp:attachment":[{"href":"https:\/\/www.caririemacao.com\/1\/wp-json\/wp\/v2\/media?parent=57347"}],"wp:term":[{"taxonomy":"category","embeddable":true,"href":"https:\/\/www.caririemacao.com\/1\/wp-json\/wp\/v2\/categories?post=57347"},{"taxonomy":"post_tag","embeddable":true,"href":"https:\/\/www.caririemacao.com\/1\/wp-json\/wp\/v2\/tags?post=57347"}],"curies":[{"name":"wp","href":"https:\/\/api.w.org\/{rel}","templated":true}]}}