{"id":57349,"date":"2018-07-14T20:17:16","date_gmt":"2018-07-14T23:17:16","guid":{"rendered":"http:\/\/caririemacao.com\/1\/?p=57349"},"modified":"2018-07-14T20:17:16","modified_gmt":"2018-07-14T23:17:16","slug":"pediatras-brasileiros-criticam-investida-dos-eua-contra-amamentacao","status":"publish","type":"post","link":"https:\/\/www.caririemacao.com\/1\/2018\/07\/14\/pediatras-brasileiros-criticam-investida-dos-eua-contra-amamentacao\/","title":{"rendered":"Pediatras brasileiros criticam investida dos EUA contra amamenta\u00e7\u00e3o"},"content":{"rendered":"<p>Ap\u00f3s investida dos Estados Unidos para mudar uma resolu\u00e7\u00e3o da Organiza\u00e7\u00e3o Mundial de Sa\u00fade (OMS) sobre defesa\u00a0e promo\u00e7\u00e3o do aleitamento materno, pediatras e entidades brasileiras criticaram a a\u00e7\u00e3o dos norte-americanos e sugerem posicionamento do Brasil nos f\u00f3runs internacionais em defesa da amamenta\u00e7\u00e3o.<\/p>\n<p>Na \u00faltima\u00a0ter\u00e7a-feira (10), a Sociedade Brasileira de Pediatria (SBP) divulgou nota p\u00fablica criticando a posi\u00e7\u00e3o da delega\u00e7\u00e3o dos Estados Unidos na reuni\u00e3o\u00a0de maio\u00a0da OMS, em Genebra, na Su\u00ed\u00e7a.<\/p>\n<p>Em entrevista \u00e0 Ag\u00eancia Brasil, o 1\u00ba vice-presidente da SBP, Cl\u00f3vis Constantino, prop\u00f4s reuni\u00f5es entre representantes da entidade e especialistas com representantes dos minist\u00e9rios da Sa\u00fade, das Rela\u00e7\u00f5es Exteriores e do Trabalho para formular propostas que possam ser apresentadas pelo governo brasileiro nos f\u00f3runs internacionais.<\/p>\n<p>\u201cCidad\u00e3os saud\u00e1veis significa seguran\u00e7a de uma na\u00e7\u00e3o. A gente entende que a cidadania saud\u00e1vel come\u00e7a no in\u00edcio da vida e o aleitamento materno faz parte dessa sa\u00fade\u201d, disse.<\/p>\n<p>Na promo\u00e7\u00e3o do aleitamento materno no pa\u00eds, o\u00a0m\u00e9dico defende\u00a0a\u00a0licen\u00e7a-maternidade\u00a0de seis meses para trabalhadoras p\u00fablicas e do setor privado, aumento no n\u00famero de locais de amamenta\u00e7\u00e3o e a amplia\u00e7\u00e3o da licen\u00e7a-paternidade.<\/p>\n<p>Durante reuni\u00e3o, em maio, da Assembleia Mundial da Sa\u00fade, promovida pela OMS, representantes dos Estados Unidos tentaram retirar trecho de uma resolu\u00e7\u00e3o que prev\u00ea que os pa\u00edses devem proteger e promover a amamenta\u00e7\u00e3o. O texto recomenda\u00a0ainda\u00a0que os governos co\u00edbam\u00a0propaganda e campanhas\u00a0para uso de f\u00f3rmulas industrializadas em substitui\u00e7\u00e3o ao leite materno.<\/p>\n<p>De acordo com reportagem do jornal\u00a0<em>The New York Times<\/em>, a investida seria a favor dos fabricantes de f\u00f3rmulas infantis. Apesar da\u00a0a\u00e7\u00e3o, os EUA n\u00e3o conseguiram eliminar o trecho do texto final.<\/p>\n<p>A recomenda\u00e7\u00e3o da\u00a0OMS, \u00f3rg\u00e3o das Na\u00e7\u00f5es Unidas,\u00a0se baseou em estudos\u00a0de d\u00e9cadas\u00a0que comprovaram\u00a0que o leite materno \u00e9 o alimento mais saud\u00e1vel\u00a0para as crian\u00e7as.<\/p>\n<p>A pol\u00edtica brasileira de aleitamento materno \u00e9 refer\u00eancia em outras partes do mundo. Segundo a gerente do Banco de Leite Humano (BLH) do Instituto Fernandes Figueira da Funda\u00e7\u00e3o Oswaldo Cruz (IFF\/Fiocruz), Danielle Aparecida da Silva, o modelo, adotado desde os anos 80 e atualizado com frequ\u00eancia, \u00e9 seguido por 23 pa\u00edses, que comp\u00f5em a rede internacional de bancos de leite na Am\u00e9rica Latina, Pen\u00ednsula Ib\u00e9rica, no Caribe e na \u00c1frica.<\/p>\n<p>Nos \u00faltimos anos, t\u00e9cnicos da Fiocruz t\u00eam recebido estrangeiros que querem conhecer o trabalho e tamb\u00e9m foram aos pa\u00edses para a forma\u00e7\u00e3o de equipes e auxiliar na implanta\u00e7\u00e3o de bancos de leite.<\/p>\n<p>Conforme a engenheira de alimentos, uma mudan\u00e7a que fortaleceu o aleitamento no pa\u00eds foi \u201ctrazer a mulher para o centro da cena\u201d, ao deixar de ser vista apenas como a que produz o leite, mas tamb\u00e9m a que precisa de apoio e aten\u00e7\u00e3o, especialmente, para aquelas com filho prematuro.<\/p>\n<p>O Brasil \u00e9 o pa\u00eds com o maior n\u00famero de bancos de leite (220) e de postos de coleta (195). \u201cOs bancos de leite, mais do que tudo, s\u00e3o centros de promo\u00e7\u00e3o e apoio ao aleitamento materno, independente se for uma m\u00e3e de beb\u00ea a termo [que nasce no prazo previsto] ou de um beb\u00ea que nasceu prematuro\u201d, afirmou Danielle Silva \u00e0 Ag\u00eancia Brasil.<\/p>\n<p>Nos bancos, o leite doado \u00e9 analisado individualmente e n\u00e3o h\u00e1 mistura do alimento, o que permite oferecer diferentes tipos de leite e atender as necessidades espec\u00edficas dos rec\u00e9m-nascidos.<\/p>\n<p>A especialista reconheceu que as m\u00e3es ainda t\u00eam d\u00favidas com rela\u00e7\u00e3o ao aleitamento materno, especialmente as de primeira viagem. \u201c\u00c9 um per\u00edodo em que elas t\u00eam muitas d\u00favidas, em que n\u00e3o sabem se o beb\u00ea est\u00e1 pegando o seio, se produz leite suficiente, se ele est\u00e1 satisfeito, se est\u00e1 chorando porque tem fome. Elas buscam a gente para solucionar estas d\u00favidas. A amamenta\u00e7\u00e3o \u00e9 um per\u00edodo em que podem existir algumas intercorr\u00eancias como rachaduras no bico do seio, empedramento de leite, as mastites. As m\u00e3es procuram os bancos de leite e postos de coleta justamente para solucionar esses problemas\u201d, disse.<\/p>\n<p>A Organiza\u00e7\u00e3o Mundial da Sa\u00fade preconiza que o aleitamento materno deve ser mantido, exclusivamente, por seis meses, sem dar \u00e1gua ou ch\u00e1 aos beb\u00eas, e de forma continuada at\u00e9 dois anos e meio. \u201cA m\u00e3e n\u00e3o tem necessidade de dar outro l\u00edquido, porque o leite humano tamb\u00e9m mata a sede e a fome, al\u00e9m de ajudar na nutri\u00e7\u00e3o e no crescimento das crian\u00e7as\u201d.<\/p>\n<p><strong>CARIRI EM A\u00c7\u00c3O<\/strong><\/p>\n<p>Com Ag\u00eancia Brasil\/Foto: Reprodu\u00e7\u00e3o Internet<\/p>\n<p>Leia mais not\u00edcias em\u00a0<a href=\"http:\/\/www.caririemacao.com\/\">caririemacao.com<\/a>, siga nossa p\u00e1gina no\u00a0<a href=\"https:\/\/www.facebook.com\/CaririEmAcao\/?ref=aymt_homepage_panel\">Facebook<\/a>,\u00a0<a href=\"https:\/\/www.instagram.com\/cariri_em_acao\/?hl=pt-br\">Instagram<\/a>\u00a0e\u00a0<a href=\"https:\/\/www.youtube.com\/channel\/UCAptA0jQuYQy8vMhLt2m4qg\">Youtube<\/a>\u00a0e veja nossas mat\u00e9rias, v\u00eddeos e fotos. Voc\u00ea tamb\u00e9m pode enviar informa\u00e7\u00f5es \u00e0 Reda\u00e7\u00e3o do Portal Cariri em A\u00e7\u00e3o pelo WhatsApp (83) 9 9634.5791, (83) 9 9601-1162.<\/p>\n","protected":false},"excerpt":{"rendered":"<p>Ap\u00f3s investida dos Estados Unidos para mudar uma resolu\u00e7\u00e3o da Organiza\u00e7\u00e3o Mundial de Sa\u00fade (OMS) sobre defesa\u00a0e promo\u00e7\u00e3o do aleitamento materno, pediatras e entidades brasileiras&hellip; <\/p>\n","protected":false},"author":2,"featured_media":25550,"comment_status":"closed","ping_status":"closed","sticky":false,"template":"","format":"standard","meta":{"sfsi_plus_gutenberg_text_before_share":"","sfsi_plus_gutenberg_show_text_before_share":"","sfsi_plus_gutenberg_icon_type":"","sfsi_plus_gutenberg_icon_alignemt":"","sfsi_plus_gutenburg_max_per_row":"","footnotes":""},"categories":[16],"tags":[],"class_list":["post-57349","post","type-post","status-publish","format-standard","has-post-thumbnail","hentry","category-saude"],"_links":{"self":[{"href":"https:\/\/www.caririemacao.com\/1\/wp-json\/wp\/v2\/posts\/57349","targetHints":{"allow":["GET"]}}],"collection":[{"href":"https:\/\/www.caririemacao.com\/1\/wp-json\/wp\/v2\/posts"}],"about":[{"href":"https:\/\/www.caririemacao.com\/1\/wp-json\/wp\/v2\/types\/post"}],"author":[{"embeddable":true,"href":"https:\/\/www.caririemacao.com\/1\/wp-json\/wp\/v2\/users\/2"}],"replies":[{"embeddable":true,"href":"https:\/\/www.caririemacao.com\/1\/wp-json\/wp\/v2\/comments?post=57349"}],"version-history":[{"count":1,"href":"https:\/\/www.caririemacao.com\/1\/wp-json\/wp\/v2\/posts\/57349\/revisions"}],"predecessor-version":[{"id":57350,"href":"https:\/\/www.caririemacao.com\/1\/wp-json\/wp\/v2\/posts\/57349\/revisions\/57350"}],"wp:featuredmedia":[{"embeddable":true,"href":"https:\/\/www.caririemacao.com\/1\/wp-json\/wp\/v2\/media\/25550"}],"wp:attachment":[{"href":"https:\/\/www.caririemacao.com\/1\/wp-json\/wp\/v2\/media?parent=57349"}],"wp:term":[{"taxonomy":"category","embeddable":true,"href":"https:\/\/www.caririemacao.com\/1\/wp-json\/wp\/v2\/categories?post=57349"},{"taxonomy":"post_tag","embeddable":true,"href":"https:\/\/www.caririemacao.com\/1\/wp-json\/wp\/v2\/tags?post=57349"}],"curies":[{"name":"wp","href":"https:\/\/api.w.org\/{rel}","templated":true}]}}