{"id":57402,"date":"2018-07-15T09:42:03","date_gmt":"2018-07-15T12:42:03","guid":{"rendered":"http:\/\/caririemacao.com\/1\/?p=57402"},"modified":"2018-07-15T09:42:03","modified_gmt":"2018-07-15T12:42:03","slug":"temer-retoma-plano-nuclear-e-governo-preve-varias-usinas","status":"publish","type":"post","link":"https:\/\/www.caririemacao.com\/1\/2018\/07\/15\/temer-retoma-plano-nuclear-e-governo-preve-varias-usinas\/","title":{"rendered":"Temer retoma plano nuclear e governo prev\u00ea v\u00e1rias usinas"},"content":{"rendered":"<p><span class=\"news_capital_letter\">O\u00a0<\/span>Pal\u00e1cio do Planalto elaborou a proposta de um programa que prev\u00ea ampliar a gera\u00e7\u00e3o de energia nuclear no pa\u00eds, aumentar a exporta\u00e7\u00e3o de ur\u00e2nio e dinamizar a minera\u00e7\u00e3o do setor.<\/p>\n<p>O crescimento do uso de energia at\u00f4mica divide especialistas e ambientalistas.<\/p>\n<p>O documento, ao qual a reportagem teve acesso, foi produzido pelo CDPNB (Comit\u00ea de Desenvolvimento do Programa Nuclear Brasileiro), organismo vinculado ao Planalto e criado em 2008, durante o segundo mandato de Luiz In\u00e1cio Lula da Silva, e alterado em 2017, no governo Michel Temer.<\/p>\n<p>H\u00e1 um ano, o presidente passou a coordena\u00e7\u00e3o do comit\u00ea da Casa Civil para o general S\u00e9rgio Etchegoyen, ministro-chefe do GSI (Gabinete de Seguran\u00e7a Institucional).<\/p>\n<p>O comit\u00ea \u00e9 formado por representantes de onze minist\u00e9rios. O general quer entregar o novo PNB (Programa Nuclear Brasileiro) ao Congresso at\u00e9 o fim deste ano, na forma de um projeto de lei.<\/p>\n<p>Etchegoyen criou sete grupos de trabalho sobre o tema nuclear e convocou duas reuni\u00f5es do comit\u00ea neste ano, a \u00faltima no dia 5 de julho, na qual distribuiu a proposta da PNB.<\/p>\n<p>A reportagem apurou que o militar tem dito aos participantes que gostaria de construir v\u00e1rias usinas nucleares em diferentes partes do pa\u00eds e retomar a constru\u00e7\u00e3o da usina de Angra 3, paralisada desde o esc\u00e2ndalo de corrup\u00e7\u00e3o na obra, revelado pela Opera\u00e7\u00e3o Lava Jato.<\/p>\n<p>A proposta n\u00e3o detalha quantas e quais seriam as futuras usinas.<\/p>\n<p>Em 2016, equipe da Eletronuclear, uma subsidi\u00e1ria da Eletrobras, visitou estados (Minas, Pernambuco, Alagoas e Sergipe) com potencial para receber novas unidades, em viagens acompanhadas por fornecedores estrangeiros da iniciativa privada da China, dos Estados Unidos e da Fran\u00e7a.<\/p>\n<p>Ambientalistas ouvidos pela reportagem questionaram essa op\u00e7\u00e3o energ\u00e9tica no momento em que outros pa\u00edses intensificam a ado\u00e7\u00e3o de energias renov\u00e1veis.<\/p>\n<p>&#8220;O Brasil tem um dos maiores potenciais do mundo para energia e\u00f3lica e solar. N\u00e3o existe a menor necessidade de o pa\u00eds investir em uma energia cara, perigosa, quando temos solu\u00e7\u00f5es que s\u00e3o verdadeiramente seguras&#8221;, disse Thiago Almeida, representante do Greenpeace na \u00e1rea nuclear.<\/p>\n<p>Al\u00e9m de prever a expans\u00e3o da gera\u00e7\u00e3o de energia nuclear, o artigo primeiro da proposta da PNB diz que ela \u00e9 &#8220;limpa&#8221;.<\/p>\n<p>Segundo o representante do Greenpeace, h\u00e1 estimativas de que foram gastos R$ 300 bilh\u00f5es para corrigir danos provocados pelos acidentes em Fukushima (2011) e R$ 1,5 trilh\u00e3o em Chernobil (1986).<\/p>\n<p>H\u00e1 ainda custos para acomodar o lixo at\u00f4mico e fazer a desmontagem das usinas, quando deixarem de ser produtivas.<\/p>\n<p>O ativista Francisco Whitaker, que em 2006 recebeu o Pr\u00eamio Nobel Alternativo concedido pelo Parlamento sueco, disse que a proposta do governo significa &#8220;remar contra a mar\u00e9 e contra a hist\u00f3ria&#8221;.<\/p>\n<p>Ele lembra que diversos pa\u00edses est\u00e3o abandonando a op\u00e7\u00e3o nuclear, como a Alemanha, que far\u00e1 o desligamento de todas as usinas nucleares at\u00e9 2022.<\/p>\n<p>Para Aquilino Senra, professor do programa nuclear da Coppe (Instituto Alberto Luiz Coimbra de P\u00f3s-Gradu\u00e7\u00e3o e Pesquisa de Engenharia) da UFRJ (Universidade Federal do Rio de Janeiro), a energia nuclear pode ser considerada limpa pela pouca emiss\u00e3o de gases de efeito estufa.<\/p>\n<p>O professor questiona o momento de elabora\u00e7\u00e3o da pol\u00edtica do Planalto, a apenas seis meses do fim do governo Temer.<\/p>\n<p>Contudo, defende a amplia\u00e7\u00e3o de energia nuclear porque, segundo ele, o pa\u00eds usa pouco esse tipo de energia embora detenha tecnologia e mat\u00e9ria-prima suficientes, com a sexta maior reserva de ur\u00e2nio no mundo.<\/p>\n<p>O f\u00edsico e doutor em engenharia nuclear Ivan Salati, vice-presidente da Aben (Associa\u00e7\u00e3o Brasileira de Energia Nuclear), que re\u00fane t\u00e9cnicos e pesquisadores do setor, afirmou que a energia nuclear &#8220;vem mantendo sua import\u00e2ncia como energia de base, mesmo nos pa\u00edses mais desenvolvidos&#8221;.<\/p>\n<p>Em nota, o GSI afirmou que a nova PNB &#8220;ter\u00e1 car\u00e1ter macro, amplo e com a finalidade de nortear o planejamento, as a\u00e7\u00f5es e as atividades nucleares e radioativas em todo o territ\u00f3rio nacional, em estrito respeito \u00e0 soberania e em prol do interesse nacional, da prote\u00e7\u00e3o da sa\u00fade humana e do ambiente&#8221;.<\/p>\n<p>A reportagem indagou por que o GSI passou, em 2017, a coordenar a discuss\u00e3o.<\/p>\n<p>O \u00f3rg\u00e3o respondeu que o tema &#8220;afeta diretamente a seguran\u00e7a nacional&#8221; por ter car\u00e1ter &#8220;estrat\u00e9gico e sens\u00edvel, no \u00e2mbito nacional e internacional&#8221;.<\/p>\n<p><span class=\"news_bold\">Governo acelera plano para energia at\u00f4mica<\/span><\/p>\n<p><span class=\"news_bold\">Miss\u00e3o dos grupos de trabalho:<\/span><\/p>\n<p>Elaborar uma nova PNB (Pol\u00edtica Nuclear Brasileira)<\/p>\n<p>Flexibilizar o monop\u00f3lio da Uni\u00e3o na pesquisa e na lavra de min\u00e9rios nucleares<\/p>\n<p>Flexibilizar o monop\u00f3lio da Uni\u00e3o na produ\u00e7\u00e3o de radiof\u00e1rmacos<\/p>\n<p>Elaborar uma proposta de Pol\u00edtica Nacional de Medicina Nuclear<\/p>\n<p>Estudar &#8220;efetiva separa\u00e7\u00e3o&#8221; entre as fun\u00e7\u00f5es regulat\u00f3rias da \u00e1rea nuclear das de fomento do \u00f3rg\u00e3o t\u00e9cnico voltado para tecnologia nuclear<\/p>\n<p>Dinamizar a minera\u00e7\u00e3o do setor nuclear<\/p>\n<p>Estudar o emprego de irradia\u00e7\u00e3o na ind\u00fastria agropecu\u00e1ria<\/p>\n<p><strong>CARIRI EM A\u00c7\u00c3O<\/strong><\/p>\n<p>Com Folhapress\/Foto: Reprodu\u00e7\u00e3o google<\/p>\n<p>Leia mais not\u00edcias em\u00a0<a href=\"http:\/\/www.caririemacao.com\/\">caririemacao.com<\/a>, siga nossa p\u00e1gina no\u00a0<a href=\"https:\/\/www.facebook.com\/CaririEmAcao\/?ref=aymt_homepage_panel\">Facebook<\/a>,\u00a0<a href=\"https:\/\/www.instagram.com\/cariri_em_acao\/?hl=pt-br\">Instagram<\/a>\u00a0e\u00a0<a href=\"https:\/\/www.youtube.com\/channel\/UCAptA0jQuYQy8vMhLt2m4qg\">Youtube<\/a>\u00a0e veja nossas mat\u00e9rias, v\u00eddeos e fotos. Voc\u00ea tamb\u00e9m pode enviar informa\u00e7\u00f5es \u00e0 Reda\u00e7\u00e3o do Portal Cariri em A\u00e7\u00e3o pelo WhatsApp (83) 9 9634.5791, (83) 9 9601-1162.<\/p>\n","protected":false},"excerpt":{"rendered":"<p>O\u00a0Pal\u00e1cio do Planalto elaborou a proposta de um programa que prev\u00ea ampliar a gera\u00e7\u00e3o de energia nuclear no pa\u00eds, aumentar a exporta\u00e7\u00e3o de ur\u00e2nio e&hellip; <\/p>\n","protected":false},"author":2,"featured_media":49934,"comment_status":"closed","ping_status":"closed","sticky":false,"template":"","format":"standard","meta":{"sfsi_plus_gutenberg_text_before_share":"","sfsi_plus_gutenberg_show_text_before_share":"","sfsi_plus_gutenberg_icon_type":"","sfsi_plus_gutenberg_icon_alignemt":"","sfsi_plus_gutenburg_max_per_row":"","footnotes":""},"categories":[11],"tags":[],"class_list":["post-57402","post","type-post","status-publish","format-standard","has-post-thumbnail","hentry","category-politica"],"_links":{"self":[{"href":"https:\/\/www.caririemacao.com\/1\/wp-json\/wp\/v2\/posts\/57402","targetHints":{"allow":["GET"]}}],"collection":[{"href":"https:\/\/www.caririemacao.com\/1\/wp-json\/wp\/v2\/posts"}],"about":[{"href":"https:\/\/www.caririemacao.com\/1\/wp-json\/wp\/v2\/types\/post"}],"author":[{"embeddable":true,"href":"https:\/\/www.caririemacao.com\/1\/wp-json\/wp\/v2\/users\/2"}],"replies":[{"embeddable":true,"href":"https:\/\/www.caririemacao.com\/1\/wp-json\/wp\/v2\/comments?post=57402"}],"version-history":[{"count":1,"href":"https:\/\/www.caririemacao.com\/1\/wp-json\/wp\/v2\/posts\/57402\/revisions"}],"predecessor-version":[{"id":57409,"href":"https:\/\/www.caririemacao.com\/1\/wp-json\/wp\/v2\/posts\/57402\/revisions\/57409"}],"wp:featuredmedia":[{"embeddable":true,"href":"https:\/\/www.caririemacao.com\/1\/wp-json\/wp\/v2\/media\/49934"}],"wp:attachment":[{"href":"https:\/\/www.caririemacao.com\/1\/wp-json\/wp\/v2\/media?parent=57402"}],"wp:term":[{"taxonomy":"category","embeddable":true,"href":"https:\/\/www.caririemacao.com\/1\/wp-json\/wp\/v2\/categories?post=57402"},{"taxonomy":"post_tag","embeddable":true,"href":"https:\/\/www.caririemacao.com\/1\/wp-json\/wp\/v2\/tags?post=57402"}],"curies":[{"name":"wp","href":"https:\/\/api.w.org\/{rel}","templated":true}]}}