{"id":57410,"date":"2018-07-15T09:49:01","date_gmt":"2018-07-15T12:49:01","guid":{"rendered":"http:\/\/caririemacao.com\/1\/?p=57410"},"modified":"2018-07-15T09:49:01","modified_gmt":"2018-07-15T12:49:01","slug":"prefeito-jefferson-roberto-consegue-emenda-de-100-mil-para-melhorias-do-cisco","status":"publish","type":"post","link":"https:\/\/www.caririemacao.com\/1\/2018\/07\/15\/prefeito-jefferson-roberto-consegue-emenda-de-100-mil-para-melhorias-do-cisco\/","title":{"rendered":"Prefeito Jefferson Roberto consegue emenda de 100 mil para melhorias do CISCO"},"content":{"rendered":"<p>O prefeito de S\u00e3o Jos\u00e9 dos Cordeiros e presidente do CISCO, Jefferson Roberto, conseguiu uma emenda de R$ 100 mil junto ao deputado federal Welington Roberto, para investir em melhorias no Cons\u00f3rcio Intermunicipal de Sa\u00fade (CISCO) na regi\u00e3o do Cariri.<\/p>\n<p>De acordo com o prefeito, ser\u00e1 feito um estudo para decidir como melhor aplicar o recurso em prol da popula\u00e7\u00e3o caririzeira. Ele ainda agradeceu a participa\u00e7\u00e3o efetiva do deputado Welington Roberto na libera\u00e7\u00e3o da emenda que vai melhorar os servi\u00e7os de sa\u00fade do CISCO e trazer mais benef\u00edcios para a regi\u00e3o.<\/p>\n<p>\u201cO deputado Welington Roberto \u00e9 um grande e hist\u00f3rico parceiro do CISCO. Sempre tem destinado recursos ao nosso cons\u00f3rcio, o deputado Welington j\u00e1 contribuiu bastante com as conquistas que alcan\u00e7amos em prol das cidades e da popula\u00e7\u00e3o do Cariri\u201d, pontuou Jefferson Roberto.<\/p>\n<p><strong>CARIRI EM A\u00c7\u00c3O<\/strong><\/p>\n<p>Com Vitrine do Cariri<\/p>\n<p>Leia mais not\u00edcias em\u00a0<a href=\"http:\/\/www.caririemacao.com\/\">caririemacao.com<\/a>, siga nossa p\u00e1gina no\u00a0<a href=\"https:\/\/www.facebook.com\/CaririEmAcao\/?ref=aymt_homepage_panel\">Facebook<\/a>,\u00a0<a href=\"https:\/\/www.instagram.com\/cariri_em_acao\/?hl=pt-br\">Instagram<\/a>\u00a0e\u00a0<a href=\"https:\/\/www.youtube.com\/channel\/UCAptA0jQuYQy8vMhLt2m4qg\">Youtube<\/a>\u00a0e veja nossas mat\u00e9rias, v\u00eddeos e fotos. Voc\u00ea tamb\u00e9m pode enviar informa\u00e7\u00f5es \u00e0 Reda\u00e7\u00e3o do Portal Cariri em A\u00e7\u00e3o pelo WhatsApp (83) 9 9634.5791, (83) 9 9601-1162.<\/p>\n","protected":false},"excerpt":{"rendered":"<p>O prefeito de S\u00e3o Jos\u00e9 dos Cordeiros e presidente do CISCO, Jefferson Roberto, conseguiu uma emenda de R$ 100 mil junto ao deputado federal Welington&hellip; <\/p>\n","protected":false},"author":2,"featured_media":30380,"comment_status":"closed","ping_status":"closed","sticky":false,"template":"","format":"standard","meta":{"sfsi_plus_gutenberg_text_before_share":"","sfsi_plus_gutenberg_show_text_before_share":"","sfsi_plus_gutenberg_icon_type":"","sfsi_plus_gutenberg_icon_alignemt":"","sfsi_plus_gutenburg_max_per_row":"","footnotes":""},"categories":[6],"tags":[],"class_list":["post-57410","post","type-post","status-publish","format-standard","has-post-thumbnail","hentry","category-cidades"],"_links":{"self":[{"href":"https:\/\/www.caririemacao.com\/1\/wp-json\/wp\/v2\/posts\/57410","targetHints":{"allow":["GET"]}}],"collection":[{"href":"https:\/\/www.caririemacao.com\/1\/wp-json\/wp\/v2\/posts"}],"about":[{"href":"https:\/\/www.caririemacao.com\/1\/wp-json\/wp\/v2\/types\/post"}],"author":[{"embeddable":true,"href":"https:\/\/www.caririemacao.com\/1\/wp-json\/wp\/v2\/users\/2"}],"replies":[{"embeddable":true,"href":"https:\/\/www.caririemacao.com\/1\/wp-json\/wp\/v2\/comments?post=57410"}],"version-history":[{"count":1,"href":"https:\/\/www.caririemacao.com\/1\/wp-json\/wp\/v2\/posts\/57410\/revisions"}],"predecessor-version":[{"id":57411,"href":"https:\/\/www.caririemacao.com\/1\/wp-json\/wp\/v2\/posts\/57410\/revisions\/57411"}],"wp:featuredmedia":[{"embeddable":true,"href":"https:\/\/www.caririemacao.com\/1\/wp-json\/wp\/v2\/media\/30380"}],"wp:attachment":[{"href":"https:\/\/www.caririemacao.com\/1\/wp-json\/wp\/v2\/media?parent=57410"}],"wp:term":[{"taxonomy":"category","embeddable":true,"href":"https:\/\/www.caririemacao.com\/1\/wp-json\/wp\/v2\/categories?post=57410"},{"taxonomy":"post_tag","embeddable":true,"href":"https:\/\/www.caririemacao.com\/1\/wp-json\/wp\/v2\/tags?post=57410"}],"curies":[{"name":"wp","href":"https:\/\/api.w.org\/{rel}","templated":true}]}}