{"id":57418,"date":"2018-07-15T11:46:39","date_gmt":"2018-07-15T14:46:39","guid":{"rendered":"http:\/\/caririemacao.com\/1\/?p=57418"},"modified":"2018-07-15T11:46:39","modified_gmt":"2018-07-15T14:46:39","slug":"prefeito-de-amparo-entrega-chave-de-veiculo-0km-a-secretaria-de-assistencia-social","status":"publish","type":"post","link":"https:\/\/www.caririemacao.com\/1\/2018\/07\/15\/prefeito-de-amparo-entrega-chave-de-veiculo-0km-a-secretaria-de-assistencia-social\/","title":{"rendered":"Prefeito de Amparo entrega chave de ve\u00edculo 0km \u00e0 Secretaria de Assist\u00eancia Social"},"content":{"rendered":"<p>Para qualificar e dinamizar o trabalho da Secretaria Municipal de Assist\u00eancia Social do munic\u00edpio de Amparo, o prefeito In\u00e1cio N\u00f3brega entregou na noite deste s\u00e1bado (14), a chave de um ve\u00edculo 0km.<\/p>\n<p><img fetchpriority=\"high\" decoding=\"async\" class=\"alignnone size-full wp-image-57420\" src=\"http:\/\/caririemacao.com\/1\/wp-content\/uploads\/2018\/07\/DSC_0861.jpg\" alt=\"\" width=\"700\" height=\"467\" srcset=\"https:\/\/www.caririemacao.com\/1\/wp-content\/uploads\/2018\/07\/DSC_0861.jpg 700w, https:\/\/www.caririemacao.com\/1\/wp-content\/uploads\/2018\/07\/DSC_0861-300x200.jpg 300w\" sizes=\"(max-width: 700px) 100vw, 700px\" \/><\/p>\n<p>Segundo o prefeito In\u00e1cio o ve\u00edculo foi adquirido com recursos pr\u00f3prios e custou aproximadamente 43 mil reais.<\/p>\n<p>Para a secret\u00e1ria de Assist\u00eancia Social, Cleide N\u00f3brega, o novo ve\u00edculo resultar\u00e1 na melhor qualidade do servi\u00e7o prestado para a comunidade. Ela destacou o empenho do prefeito em busca de melhorar os servi\u00e7os oferecidos aos amparenses.<\/p>\n<p><strong>CARIRI EM A\u00c7\u00c3O<\/strong><\/p>\n<p>Leia mais not\u00edcias em\u00a0<a href=\"http:\/\/www.caririemacao.com\/\">caririemacao.com<\/a>, siga nossa p\u00e1gina no\u00a0<a href=\"https:\/\/www.facebook.com\/CaririEmAcao\/?ref=aymt_homepage_panel\">Facebook<\/a>,\u00a0<a href=\"https:\/\/www.instagram.com\/cariri_em_acao\/?hl=pt-br\">Instagram<\/a>\u00a0e\u00a0<a href=\"https:\/\/www.youtube.com\/channel\/UCAptA0jQuYQy8vMhLt2m4qg\">Youtube<\/a>\u00a0e veja nossas mat\u00e9rias, v\u00eddeos e fotos. Voc\u00ea tamb\u00e9m pode enviar informa\u00e7\u00f5es \u00e0 Reda\u00e7\u00e3o do Portal Cariri em A\u00e7\u00e3o pelo WhatsApp (83) 9 9634.5791, (83) 9 9601-1162.<\/p>\n","protected":false},"excerpt":{"rendered":"<p>Para qualificar e dinamizar o trabalho da Secretaria Municipal de Assist\u00eancia Social do munic\u00edpio de Amparo, o prefeito In\u00e1cio N\u00f3brega entregou na noite deste s\u00e1bado&hellip; <\/p>\n","protected":false},"author":2,"featured_media":57419,"comment_status":"closed","ping_status":"closed","sticky":false,"template":"","format":"standard","meta":{"sfsi_plus_gutenberg_text_before_share":"","sfsi_plus_gutenberg_show_text_before_share":"","sfsi_plus_gutenberg_icon_type":"","sfsi_plus_gutenberg_icon_alignemt":"","sfsi_plus_gutenburg_max_per_row":"","footnotes":""},"categories":[2],"tags":[],"class_list":["post-57418","post","type-post","status-publish","format-standard","has-post-thumbnail","hentry","category-geral"],"_links":{"self":[{"href":"https:\/\/www.caririemacao.com\/1\/wp-json\/wp\/v2\/posts\/57418","targetHints":{"allow":["GET"]}}],"collection":[{"href":"https:\/\/www.caririemacao.com\/1\/wp-json\/wp\/v2\/posts"}],"about":[{"href":"https:\/\/www.caririemacao.com\/1\/wp-json\/wp\/v2\/types\/post"}],"author":[{"embeddable":true,"href":"https:\/\/www.caririemacao.com\/1\/wp-json\/wp\/v2\/users\/2"}],"replies":[{"embeddable":true,"href":"https:\/\/www.caririemacao.com\/1\/wp-json\/wp\/v2\/comments?post=57418"}],"version-history":[{"count":1,"href":"https:\/\/www.caririemacao.com\/1\/wp-json\/wp\/v2\/posts\/57418\/revisions"}],"predecessor-version":[{"id":57421,"href":"https:\/\/www.caririemacao.com\/1\/wp-json\/wp\/v2\/posts\/57418\/revisions\/57421"}],"wp:featuredmedia":[{"embeddable":true,"href":"https:\/\/www.caririemacao.com\/1\/wp-json\/wp\/v2\/media\/57419"}],"wp:attachment":[{"href":"https:\/\/www.caririemacao.com\/1\/wp-json\/wp\/v2\/media?parent=57418"}],"wp:term":[{"taxonomy":"category","embeddable":true,"href":"https:\/\/www.caririemacao.com\/1\/wp-json\/wp\/v2\/categories?post=57418"},{"taxonomy":"post_tag","embeddable":true,"href":"https:\/\/www.caririemacao.com\/1\/wp-json\/wp\/v2\/tags?post=57418"}],"curies":[{"name":"wp","href":"https:\/\/api.w.org\/{rel}","templated":true}]}}