{"id":57659,"date":"2018-07-17T09:24:53","date_gmt":"2018-07-17T12:24:53","guid":{"rendered":"http:\/\/caririemacao.com\/1\/?p=57659"},"modified":"2018-07-17T09:24:53","modified_gmt":"2018-07-17T12:24:53","slug":"carmem-lucia-suspende-resolucao-que-aumenta-precos-de-planos-de-saude","status":"publish","type":"post","link":"https:\/\/www.caririemacao.com\/1\/2018\/07\/17\/carmem-lucia-suspende-resolucao-que-aumenta-precos-de-planos-de-saude\/","title":{"rendered":"Carmem L\u00facia suspende resolu\u00e7\u00e3o que aumenta pre\u00e7os de planos de sa\u00fade"},"content":{"rendered":"<p>A presidente do Supremo Tribunal Federal, C\u00e1rmen L\u00facia, suspendeu na manh\u00e3 desta segunda-feira (16) uma resolu\u00e7\u00e3o da Ag\u00eancia Nacional de Sa\u00fade (ANS) que encarece as mensalidades pagas por usu\u00e1rios de planos de sa\u00fade.<\/p>\n<p>A ANS publicou no fim de junho a decis\u00e3o que autorizou as operadoras a reajustarem os planos de sa\u00fade individuais e familiares em at\u00e9 10%. A resolu\u00e7\u00e3o \u00e9 retroativa a 1\u00ba de maio deste ano e vale at\u00e9 29 de abril de 2019.<\/p>\n<p>A decis\u00e3o atingiu 8,1 milh\u00f5es de benefici\u00e1rios, o que representa 17% do total de 47,3 milh\u00f5es de consumidores de planos de assist\u00eancia m\u00e9dica no Brasil, segundo a ag\u00eancia.<\/p>\n<p>ANS autoriza reajuste de at\u00e9 10% nos planos de sa\u00fade individuais; entendaA ministra atendeu pedido de decis\u00e3o liminar (provis\u00f3ria) da Ordem dos Advogados do Brasil (OAB). Segundo a entidade, a norma \u201cdesfigurou o marco legal de prote\u00e7\u00e3o do consumidor\u201d e s\u00f3 poderia ser editada com aprova\u00e7\u00e3o do Congresso.<\/p>\n<p>C\u00e1rmen L\u00facia decidiu suspender a validade da norma de forma provis\u00f3ria, durante o plant\u00e3o do Judici\u00e1rio. A decis\u00e3o ainda dever\u00e1 ser analisada pelo relator da a\u00e7\u00e3o, ministro Celso de Mello, e ser posteriormente validada ou derrubada pelo plen\u00e1rio do STF.<\/p>\n<p>Segundo a OAB, a resolu\u00e7\u00e3o poderia ainda levar o consumidor a pagar at\u00e9 40% do valor de consultas e exames, na forma de coparticipa\u00e7\u00e3o, reajuste que considera \u201cabusivo\u201d em rela\u00e7\u00e3o \u00e0 m\u00e9dia atual de 30% cobrada pelos planos de sa\u00fade.<\/p>\n<p>A entidade alegou que uma norma anterior, de 2008, do Conselho de Sa\u00fade Suplementar, \u00f3rg\u00e3o ligado \u00e0 ANS, proibia coparticipa\u00e7\u00e3o que caracterizasse \u201cfator restritivo severo ao acesso aos servi\u00e7os\u201d. A OAB pediu uma liminar em raz\u00e3o de um \u201cmanifesto preju\u00edzo aos consumidores\u201d.<\/p>\n<p>Na decis\u00e3o, C\u00e1rmen L\u00facia considerou que a \u201ctutela do direito fundamental \u00e0 sa\u00fade do cidad\u00e3o \u00e9 urgente\u201d, assim como \u201ca seguran\u00e7a e a previs\u00e3o dos usu\u00e1rios de planos de sa\u00fade\u201d.<\/p>\n<p>\u201cSa\u00fade n\u00e3o \u00e9 mercadoria. Vida n\u00e3o \u00e9 neg\u00f3cio. Dignidade n\u00e3o \u00e9 lucro. Direitos conquistados n\u00e3o podem ser retrocedidos sequer instabilizados\u201d, escreveu a ministra na decis\u00e3o.<\/p>\n<p><strong>CARIRI EM A\u00c7\u00c3O<\/strong><\/p>\n<p>Com G1 \/Foto: Reprodu\u00e7\u00e3o Internet<\/p>\n<p>Leia mais not\u00edcias em\u00a0<a href=\"http:\/\/www.caririemacao.com\/\">caririemacao.com<\/a>, siga nossa p\u00e1gina no\u00a0<a href=\"https:\/\/www.facebook.com\/CaririEmAcao\/?ref=aymt_homepage_panel\">Facebook<\/a>,\u00a0<a href=\"https:\/\/www.instagram.com\/cariri_em_acao\/?hl=pt-br\">Instagram<\/a>\u00a0e <a href=\"https:\/\/www.youtube.com\/channel\/UCAptA0jQuYQy8vMhLt2m4qg\">Youtube<\/a>\u00a0e veja nossas mat\u00e9rias, v\u00eddeos e fotos. Voc\u00ea tamb\u00e9m pode enviar informa\u00e7\u00f5es \u00e0 Reda\u00e7\u00e3o do Portal Cariri em A\u00e7\u00e3o pelo WhatsApp (83) 9 9634.5791, (83) 9 9601-1162.<\/p>\n","protected":false},"excerpt":{"rendered":"<p>A presidente do Supremo Tribunal Federal, C\u00e1rmen L\u00facia, suspendeu na manh\u00e3 desta segunda-feira (16) uma resolu\u00e7\u00e3o da Ag\u00eancia Nacional de Sa\u00fade (ANS) que encarece as&hellip; <\/p>\n","protected":false},"author":1,"featured_media":27926,"comment_status":"closed","ping_status":"closed","sticky":false,"template":"","format":"standard","meta":{"sfsi_plus_gutenberg_text_before_share":"","sfsi_plus_gutenberg_show_text_before_share":"","sfsi_plus_gutenberg_icon_type":"","sfsi_plus_gutenberg_icon_alignemt":"","sfsi_plus_gutenburg_max_per_row":"","footnotes":""},"categories":[2],"tags":[],"class_list":["post-57659","post","type-post","status-publish","format-standard","has-post-thumbnail","hentry","category-geral"],"_links":{"self":[{"href":"https:\/\/www.caririemacao.com\/1\/wp-json\/wp\/v2\/posts\/57659","targetHints":{"allow":["GET"]}}],"collection":[{"href":"https:\/\/www.caririemacao.com\/1\/wp-json\/wp\/v2\/posts"}],"about":[{"href":"https:\/\/www.caririemacao.com\/1\/wp-json\/wp\/v2\/types\/post"}],"author":[{"embeddable":true,"href":"https:\/\/www.caririemacao.com\/1\/wp-json\/wp\/v2\/users\/1"}],"replies":[{"embeddable":true,"href":"https:\/\/www.caririemacao.com\/1\/wp-json\/wp\/v2\/comments?post=57659"}],"version-history":[{"count":1,"href":"https:\/\/www.caririemacao.com\/1\/wp-json\/wp\/v2\/posts\/57659\/revisions"}],"predecessor-version":[{"id":57660,"href":"https:\/\/www.caririemacao.com\/1\/wp-json\/wp\/v2\/posts\/57659\/revisions\/57660"}],"wp:featuredmedia":[{"embeddable":true,"href":"https:\/\/www.caririemacao.com\/1\/wp-json\/wp\/v2\/media\/27926"}],"wp:attachment":[{"href":"https:\/\/www.caririemacao.com\/1\/wp-json\/wp\/v2\/media?parent=57659"}],"wp:term":[{"taxonomy":"category","embeddable":true,"href":"https:\/\/www.caririemacao.com\/1\/wp-json\/wp\/v2\/categories?post=57659"},{"taxonomy":"post_tag","embeddable":true,"href":"https:\/\/www.caririemacao.com\/1\/wp-json\/wp\/v2\/tags?post=57659"}],"curies":[{"name":"wp","href":"https:\/\/api.w.org\/{rel}","templated":true}]}}